{"id":18313,"date":"2021-04-13T18:14:11","date_gmt":"2021-04-13T21:14:11","guid":{"rendered":"https:\/\/blogs.correiobraziliense.com.br\/vicente\/?p=18313"},"modified":"2021-04-13T19:30:24","modified_gmt":"2021-04-13T22:30:24","slug":"banco-do-brasil-voltara-a-ser-o-que-era-antes-dos-liberais","status":"publish","type":"post","link":"https:\/\/blogs.correiobraziliense.com.br\/vicente\/banco-do-brasil-voltara-a-ser-o-que-era-antes-dos-liberais\/","title":{"rendered":"Banco do Brasil voltar\u00e1 a ser o que era antes dos liberais"},"content":{"rendered":"<h2>Desde que tomou posse na presid\u00eancia do Banco do Brasil, Fausto Ribeiro tem procurado transmitir tranquilidade aos funcion\u00e1rios da institui\u00e7\u00e3o. Muitos, por sinal, est\u00e3o surpresos com a capacidade do executivo de agrega\u00e7\u00e3o. Quem participou das conversas com ele garante que o BB voltar\u00e1 a ser o que era antes de ser comandado pelos liberais.<\/h2>\n<p>&nbsp;<\/p>\n<p>A orienta\u00e7\u00e3o que vem sendo passada por Ribeiro \u00e9 a de que o Banco do Brasil continuar\u00e1 com seu compromisso de manter a rentabilidade e dar lucro, princ\u00edpios de mercado, mas conjugar\u00e1 com essa miss\u00e3o o seu lado p\u00fablico, apoiando medidas que sejam de interesse do governo e da institui\u00e7\u00e3o.<\/p>\n<p>&nbsp;<\/p>\n<p>Um caso que ilustra o retorno do Banco do Brasil \u00e0s origens \u00e9 um projeto do Minist\u00e9rio das Comunica\u00e7\u00f5es que prev\u00ea a instala\u00e7\u00e3o de wi-fi gratuito em v\u00e1rias cidades do pa\u00eds. O BB tem interesse em financiar esse projeto pois, com acesso \u00e0 internet, os clientes podem movimentar suas contas sem precisarem ir \u00e0s ag\u00eancias. \u00c9 o banco digital se expandindo.<\/p>\n<p>&nbsp;<\/p>\n<p><strong>BB no Pal\u00e1cio do Planalto<\/strong><\/p>\n<p>&nbsp;<\/p>\n<p>&#8220;Daqui por diante, n\u00e3o teremos mais o Banco do Brasil pensado pelo ministro da Economia, Paulo Guedes, e pelo ex-presidente da institui\u00e7\u00e3o Rubem Novaes. A p\u00e1gina virou com Fausto Ribeiro&#8221;, diz um integrante do BB. &#8220;Vamos ver, por exemplo, o presidente do banco participando como protagonista de cerim\u00f4nias no Pal\u00e1cio do Planalto, coisa que n\u00e3o se viu nos \u00faltimos dois anos&#8221;, acrescenta.<\/p>\n<p>&nbsp;<\/p>\n<p>Nada, por\u00e9m, ser\u00e1 feito com trucul\u00eancia, muito pelo contr\u00e1rio, pois os funcion\u00e1rios do Banco do Brasil apoiam a volta \u00e0s origens. &#8220;A ruptura que estamos vendo \u00e9 com a gest\u00e3o liberal de Guedes, de privatiza\u00e7\u00e3o do BB. Vamos ter um banco lucrativo para seus acionistas, mas, tamb\u00e9m, com vis\u00e3o social&#8221;, acrescenta outro importante funcion\u00e1rio da institui\u00e7\u00e3o.<\/p>\n<p>&nbsp;<\/p>\n<p>A posi\u00e7\u00e3o de Ribeiro tem todo o apoio do Planalto. O presidente Jair Bolsonaro j\u00e1 deixou claro que n\u00e3o queria um &#8220;outro Andr\u00e9 Brand\u00e3o&#8221;, que renunciou \u00e0 presid\u00eancia do Banco do Brasil, comandando a maior institui\u00e7\u00e3o financeira p\u00fablica do pa\u00eds.<\/p>\n<p>&nbsp;<\/p>\n<p><em>Bras\u00edlia, 18h14min<\/em><\/p>\n","protected":false},"excerpt":{"rendered":"<p>Desde que tomou posse na presid\u00eancia do Banco do Brasil, Fausto Ribeiro tem procurado transmitir tranquilidade aos funcion\u00e1rios da institui\u00e7\u00e3o. Muitos, por sinal, est\u00e3o surpresos com a capacidade do executivo de agrega\u00e7\u00e3o. Quem participou das conversas com ele garante que o BB voltar\u00e1 a ser o que era antes de ser comandado pelos liberais. &nbsp; [&hellip;]<\/p>\n","protected":false},"author":22,"featured_media":11457,"comment_status":"open","ping_status":"closed","sticky":false,"template":"","format":"standard","meta":{"footnotes":""},"categories":[600],"tags":[5378,589,4943,2787],"class_list":["post-18313","post","type-post","status-publish","format-standard","has-post-thumbnail","hentry","category-economia","tag-banco-do-brasil-voltara-a-ser-o-que-era-antes-dos-liberais","tag-economia","tag-financas","tag-politica"],"_links":{"self":[{"href":"https:\/\/blogs.correiobraziliense.com.br\/vicente\/wp-json\/wp\/v2\/posts\/18313","targetHints":{"allow":["GET"]}}],"collection":[{"href":"https:\/\/blogs.correiobraziliense.com.br\/vicente\/wp-json\/wp\/v2\/posts"}],"about":[{"href":"https:\/\/blogs.correiobraziliense.com.br\/vicente\/wp-json\/wp\/v2\/types\/post"}],"author":[{"embeddable":true,"href":"https:\/\/blogs.correiobraziliense.com.br\/vicente\/wp-json\/wp\/v2\/users\/22"}],"replies":[{"embeddable":true,"href":"https:\/\/blogs.correiobraziliense.com.br\/vicente\/wp-json\/wp\/v2\/comments?post=18313"}],"version-history":[{"count":1,"href":"https:\/\/blogs.correiobraziliense.com.br\/vicente\/wp-json\/wp\/v2\/posts\/18313\/revisions"}],"predecessor-version":[{"id":18316,"href":"https:\/\/blogs.correiobraziliense.com.br\/vicente\/wp-json\/wp\/v2\/posts\/18313\/revisions\/18316"}],"wp:featuredmedia":[{"embeddable":true,"href":"https:\/\/blogs.correiobraziliense.com.br\/vicente\/wp-json\/wp\/v2\/media\/11457"}],"wp:attachment":[{"href":"https:\/\/blogs.correiobraziliense.com.br\/vicente\/wp-json\/wp\/v2\/media?parent=18313"}],"wp:term":[{"taxonomy":"category","embeddable":true,"href":"https:\/\/blogs.correiobraziliense.com.br\/vicente\/wp-json\/wp\/v2\/categories?post=18313"},{"taxonomy":"post_tag","embeddable":true,"href":"https:\/\/blogs.correiobraziliense.com.br\/vicente\/wp-json\/wp\/v2\/tags?post=18313"}],"curies":[{"name":"wp","href":"https:\/\/api.w.org\/{rel}","templated":true}]}}