{"id":18308,"date":"2021-04-13T17:01:58","date_gmt":"2021-04-13T20:01:58","guid":{"rendered":"https:\/\/blogs.correiobraziliense.com.br\/vicente\/?p=18308"},"modified":"2021-04-13T18:52:59","modified_gmt":"2021-04-13T21:52:59","slug":"no-planalto-assessores-de-bolsonaro-admitem-que-ele-pode-perder-a-eleicao-em-2022","status":"publish","type":"post","link":"https:\/\/blogs.correiobraziliense.com.br\/vicente\/no-planalto-assessores-de-bolsonaro-admitem-que-ele-pode-perder-a-eleicao-em-2022\/","title":{"rendered":"No Planalto, assessores de Bolsonaro admitem que ele pode perder a elei\u00e7\u00e3o em 2022"},"content":{"rendered":"<h2>Em conversas sobre o futuro pol\u00edtico do governo, alguns assessores do presidente Jair Bolsonaro dizem, de forma bem restrita, que ele pode perder as elei\u00e7\u00f5es de 2022 mantido o atual cen\u00e1rio de desgaste do governo, que deve se agravar com a CPI da Covid.<\/h2>\n<p>&nbsp;<\/p>\n<p>Os assessores ressaltam que ainda \u00e9 cedo para se prever o que sair\u00e1 das urnas em outubro do ano que vem. Contundo, reconhecem que Bolsonaro destruiu muito capital pol\u00edtico. &#8220;Est\u00e1 claro que muita gente que votou no presidente em 2018 n\u00e3o votar\u00e1 nele de novo, mesmo que os advers\u00e1rios sejam Lula e o PT&#8221;, diz um dos assessores.<\/p>\n<p>&nbsp;<\/p>\n<p>Para esses auxiliares, a \u00fanica coisa que pode ajudar Bolsonaro a chegar forte nas elei\u00e7\u00f5es de 2022 \u00e9 a economia, por\u00e9m, n\u00e3o h\u00e1 perspectivas de recupera\u00e7\u00e3o da atividade t\u00e3o cedo. &#8220;A economia ainda vai piorar muito. A infla\u00e7\u00e3o passar\u00e1 dos 8%, para depois diminuir, os juros v\u00e3o subir e vamos ver queda no PIB (Produto Interno Bruto). Tudo isso arranha a imagem de qualquer governo&#8221;, acrescenta outro assessor.<\/p>\n<p>&nbsp;<\/p>\n<p>Os mesmos assessores de Bolsonaro contam que o presidente do Banco Central, Roberto Campos Neto, tem feito relatos constantes ao chefe sobre os rumos da economia. Houve muitos questionamentos de Bolsonaro a Campos Neto sobre a real necessidade de o BC subir juros em meio a uma economia fragilizada pela pandemia do novo coronav\u00edrus.<\/p>\n<p>&nbsp;<\/p>\n<p><strong>Bolsonaro conta com o antipetismo<\/strong><\/p>\n<p>&nbsp;<\/p>\n<p>Outro ponto que joga contra o presidente da Rep\u00fablica \u00e9 o atraso na vacina\u00e7\u00e3o, que afeta a economia e mant\u00e9m o n\u00famero de mortes pela covid-19 nas alturas. N\u00e3o \u00e0 toa, Bolsonaro e os filhos v\u00eam refor\u00e7ando o discurso contra o lockdown. Ele precisam manter acesa a chama de que a culpa pela derrocada da economia \u00e9 de prefeitos e governadores.<\/p>\n<p>&nbsp;<\/p>\n<p>Segundo os integrantes do Planalto, independentemente do quadro pol\u00edtico adverso, Bolsonaro mostra confian\u00e7a de que tem vaga garantida no segundo turno das elei\u00e7\u00f5es presidenciais de 2022. O presidente est\u00e1 certo de que, na hora de decidirem os votos nas urnas, o antipetismo ainda falar\u00e1 alto a seu favor.<\/p>\n<p>&nbsp;<\/p>\n<p><em>Bras\u00edlia, 17h01min<\/em><\/p>\n","protected":false},"excerpt":{"rendered":"<p>Em conversas sobre o futuro pol\u00edtico do governo, alguns assessores do presidente Jair Bolsonaro dizem, de forma bem restrita, que ele pode perder as elei\u00e7\u00f5es de 2022 mantido o atual cen\u00e1rio de desgaste do governo, que deve se agravar com a CPI da Covid. &nbsp; Os assessores ressaltam que ainda \u00e9 cedo para se prever [&hellip;]<\/p>\n","protected":false},"author":22,"featured_media":15447,"comment_status":"open","ping_status":"closed","sticky":false,"template":"","format":"standard","meta":{"footnotes":""},"categories":[600],"tags":[5377,926,5376,2526,2787],"class_list":["post-18308","post","type-post","status-publish","format-standard","has-post-thumbnail","hentry","category-economia","tag-assessores-de-bolsonaro-admitem-que-ele-pode-perder-a-eleicao-em-2022","tag-brasilia","tag-no-planalto","tag-poder","tag-politica"],"_links":{"self":[{"href":"https:\/\/blogs.correiobraziliense.com.br\/vicente\/wp-json\/wp\/v2\/posts\/18308","targetHints":{"allow":["GET"]}}],"collection":[{"href":"https:\/\/blogs.correiobraziliense.com.br\/vicente\/wp-json\/wp\/v2\/posts"}],"about":[{"href":"https:\/\/blogs.correiobraziliense.com.br\/vicente\/wp-json\/wp\/v2\/types\/post"}],"author":[{"embeddable":true,"href":"https:\/\/blogs.correiobraziliense.com.br\/vicente\/wp-json\/wp\/v2\/users\/22"}],"replies":[{"embeddable":true,"href":"https:\/\/blogs.correiobraziliense.com.br\/vicente\/wp-json\/wp\/v2\/comments?post=18308"}],"version-history":[{"count":1,"href":"https:\/\/blogs.correiobraziliense.com.br\/vicente\/wp-json\/wp\/v2\/posts\/18308\/revisions"}],"predecessor-version":[{"id":18312,"href":"https:\/\/blogs.correiobraziliense.com.br\/vicente\/wp-json\/wp\/v2\/posts\/18308\/revisions\/18312"}],"wp:featuredmedia":[{"embeddable":true,"href":"https:\/\/blogs.correiobraziliense.com.br\/vicente\/wp-json\/wp\/v2\/media\/15447"}],"wp:attachment":[{"href":"https:\/\/blogs.correiobraziliense.com.br\/vicente\/wp-json\/wp\/v2\/media?parent=18308"}],"wp:term":[{"taxonomy":"category","embeddable":true,"href":"https:\/\/blogs.correiobraziliense.com.br\/vicente\/wp-json\/wp\/v2\/categories?post=18308"},{"taxonomy":"post_tag","embeddable":true,"href":"https:\/\/blogs.correiobraziliense.com.br\/vicente\/wp-json\/wp\/v2\/tags?post=18308"}],"curies":[{"name":"wp","href":"https:\/\/api.w.org\/{rel}","templated":true}]}}