{"id":18281,"date":"2021-04-13T10:07:16","date_gmt":"2021-04-13T13:07:16","guid":{"rendered":"https:\/\/blogs.correiobraziliense.com.br\/vicente\/?p=18281"},"modified":"2021-04-13T10:07:16","modified_gmt":"2021-04-13T13:07:16","slug":"ipea-inflacao-acelera-para-todas-as-faixas-de-renda-pelo-segundo-mes-consecutivo","status":"publish","type":"post","link":"https:\/\/blogs.correiobraziliense.com.br\/vicente\/ipea-inflacao-acelera-para-todas-as-faixas-de-renda-pelo-segundo-mes-consecutivo\/","title":{"rendered":"Ipea: infla\u00e7\u00e3o acelera para todas as faixas de renda pelo segundo m\u00eas consecutivo"},"content":{"rendered":"<h2><span style=\"font-weight: 400\">ROSANA HESSEL<\/span><\/h2>\n<h2><\/h2>\n<h2><span style=\"font-weight: 400\">Em pesquisa sobre o impacto da infla\u00e7\u00e3o por faixas de renda, o Instituto de Pesquisa Econ\u00f4mica Aplicada (Ipea) identificou que a carestia n\u00e3o tem afetado ricos e pobres, indiscriminadamente.\u00a0 Em mar\u00e7o, o instituto constatou que acelera\u00e7\u00e3o da infla\u00e7\u00e3o ocorreu em todas as classes de renda nas compara\u00e7\u00f5es na margem, ou seja, em rela\u00e7\u00e3o ao m\u00eas anterior, com percentuais mais elevados para as classes de renda m\u00e9dia e m\u00e9dia-alta, de 1,09% e de 1,08%, respectivamente, com rela\u00e7\u00e3o a fevereiro.\u00a0<\/span><\/h2>\n<p>&nbsp;<\/p>\n<p><span style=\"font-weight: 400\">Esses percentuais ficaram acima<a href=\"https:\/\/blogs.correiobraziliense.com.br\/vicente\/ipca-sobe-093-em-marco-e-acumula-alta-de-610-em-12-mes\"> da alta de 0,93% registrada pelo Instituto Brasileiro de Geografia e Estat\u00edstica (IBGE) para o\u00a0\u00cdndice de Pre\u00e7os ao Consumidor Amplo (IPCA) de mar\u00e7o<\/a>, na compara\u00e7\u00e3o com o m\u00eas anterior.\u00a0 J\u00e1 as\u00a0<\/span><span style=\"font-weight: 400\">fam\u00edlias com renda muito baixa ou baixa foram as que registraram menor percentual inflacion\u00e1rio no m\u00eas de mar\u00e7o, de 0,71% e de 0,85%, respectivamente. Essas taxas ficaram abaixo da taxa do IPCA do m\u00eas passado.\u00a0<\/span><\/p>\n<p>&nbsp;<\/p>\n<p><span style=\"font-weight: 400\">Contudo, no acumulado em 12 meses at\u00e9 mar\u00e7o, as fam\u00edlias com renda mais baixa foram as que registraram maior percentual de infla\u00e7\u00e3o entre as faixas pesquisadas pelo Ipea. Os dados mostram alta de 7,24% para as fam\u00edlias com renda muito baixa e de 6,87% para as fam\u00edlias de renda baixa.<\/span><\/p>\n<p>&nbsp;<\/p>\n<p><span style=\"font-weight: 400\">Essas taxas est\u00e3o acima da alta de 6,1% apresentada pelo IPCA no acumulado em 12 meses at\u00e9 o terceiro m\u00eas do ano.\u00a0<\/span><span style=\"font-weight: 400\">Fam\u00edlias com renda alta e m\u00e9dia alta s\u00e3o as que sentiram o menor impacto da infla\u00e7\u00e3o oficial nessa base de compara\u00e7\u00e3o: de 4,67% e de 5,09%, respectivamente.<\/span><\/p>\n<p>&nbsp;<\/p>\n<p><span style=\"font-weight: 400\">De acordo com a economista Maria <\/span><span style=\"font-weight: 400\">Andr\u00e9ia Parente, t<\/span><span style=\"font-weight: 400\">\u00e9cnica de Planejamento e Pesquisa do Ipea, o ano de 2021 mostra uma mudan\u00e7a no impacto do custo de vida no bolso dos brasileiros do que o apresentado em 2020.\u00a0 &#8220;A infla\u00e7\u00e3o para os mais pobres no acumulado em 12 meses ainda tem um peso muito forte da alta dos pre\u00e7os dos alimentos no ano passado, mas a tend\u00eancia neste ano \u00e9 de essa diferen\u00e7a diminuir e as taxas de pobres e ricos se aproximarem&#8221;, explicou, em entrevista ao <strong>Blog<\/strong>. <\/span><\/p>\n<p>&nbsp;<\/p>\n<p><span style=\"font-weight: 400\">&#8220;Neste ano, o que tem pesado mais no custo de vida \u00e9 a alta dos pre\u00e7os monitorados, como combust\u00edveis, pois os mais ricos \u00e9 que t\u00eam carro e, por isso, isso eles sentem mais o impacto. Nos pr\u00f3ximos meses, ainda vemos ver aumentos no custo da energia el\u00e9trica&#8221;, acrescentou Maria Andr\u00e9ia Parente. Segundo ela, ao longo deste ano, a expectativa \u00e9 que os pre\u00e7os de alimentos continuem registrando queda, o que vai ajudar a reduzir o impacto da infla\u00e7\u00e3o para os mais\u00a0 pobres. <\/span><\/p>\n<p>&nbsp;<\/p>\n<p><span style=\"font-weight: 400\">Na avalia\u00e7\u00e3o da economista do Ipea, no segundo semestre,\u00a0 com o avan\u00e7o da vacina\u00e7\u00e3o, \u00e9 poss\u00edvel prever uma retomada da normalidade, se poss\u00edvel, do segmento de servi\u00e7os, que foram muito afetados em 2020. Quando isso ocorrer, ela prev\u00ea que a infla\u00e7\u00e3o desse segmento, que \u00e9 muito utilizado pelos mais ricos, tende a subir tamb\u00e9m, afetando as faixas de rendas mais elevadas, como j\u00e1 come\u00e7ou a acontecer com a alimenta\u00e7\u00e3o fora de casa em mar\u00e7o. &#8220;\u00c9 poss\u00edvel que, no fim do ano, a infla\u00e7\u00e3o de ricos e de pobres tende a ficar mais pr\u00f3xima&#8221;, frisou a economista do Ipea.<\/span><\/p>\n<p>&nbsp;<\/p>\n<p><b>Combust\u00edveis t\u00eam maior impacto<\/b><\/p>\n<p>&nbsp;<\/p>\n<p><span style=\"font-weight: 400\">Conforme o levantamento do Ipea, assim como o IPCA, que avan\u00e7ou 0,93%, em mar\u00e7o na compara\u00e7\u00e3o com fevereiro, o grupo de transportes foi o que apresentou maior contribui\u00e7\u00e3o para a alta dos pre\u00e7os, com 11,2% de alta nos custos dos combust\u00edveis.\u00a0<\/span><\/p>\n<p>&nbsp;<\/p>\n<p><span style=\"font-weight: 400\">No caso das fam\u00edlias de renda mais baixa, al\u00e9m dos combust\u00edveis, os reajustes do \u00f4nibus urbano, de 0,11%, e do trem, de 1,84%, tamb\u00e9m contribu\u00edram para a press\u00e3o desse grupo que teve um peso de 3,81 ponto percentual no IPCA de mar\u00e7o. Para as fam\u00edlias de renda muito baixa, o grupo transportes representou um peso de 0,48 ponto percentual sobre a alta de 0,71% na infla\u00e7\u00e3o, ou seja, mais da metade do aumento no custo de vida. Para as pessoas com renda baixa, esse impacto foi de 0,66 ponto percentual sobre os 0,85% da infla\u00e7\u00e3o no m\u00eas passado. E, para aqueles com renda m\u00e9dia-baixa, de 0,84%, sobre 1,02% de alta do IPCA.<\/span><\/p>\n<p>&nbsp;<\/p>\n<p><span style=\"font-weight: 400\">Enquanto isso, as fam\u00edlias de renda mais alta, as quedas nos pre\u00e7os de passagens \u00e1reas e de aplicativos de transportes, de 2% e de 3,4%, respectivamente, atenuaram o impacto dos reajustes nos combust\u00edveis.\u00a0<\/span><\/p>\n<p>&nbsp;<\/p>\n<p><span style=\"font-weight: 400\">Em rela\u00e7\u00e3o aos demais grupos, a segunda maior contribui\u00e7\u00e3o \u00e0 alta da infla\u00e7\u00e3o das fam\u00edlias mais pobres veio da habita\u00e7\u00e3o, refletindo os reajustes de 5,0% do botij\u00e3o de g\u00e1s, de 1,1%\u00a0<\/span><span style=\"font-weight: 400\">dos artigos de limpeza e de 0,76% da energia el\u00e9trica.\u00a0<\/span><\/p>\n<p>&nbsp;<\/p>\n<p><span style=\"font-weight: 400\">Para o segmento mais rico da popula\u00e7\u00e3o, o aumento de 0,89% da alimenta\u00e7\u00e3o fora do domic\u00edlio explica a press\u00e3o exercida pelo grupo alimentos e bebidas. O estudo do Ipea ressalta que, mesmo diante desse aumento dos servi\u00e7os de alimenta\u00e7\u00e3o, o desempenho dos alimentos no domic\u00edlio, que registrou, no IPCA, a primeira desacelera\u00e7\u00e3o (-0,17%) desde outubro de 2019, voltou a impedir um aumento ainda maior das taxas de infla\u00e7\u00e3o em mar\u00e7o.\u00a0<\/span><\/p>\n<p>&nbsp;<\/p>\n<p><span style=\"font-weight: 400\">O levantamento do Ipea leva em considera\u00e7\u00e3o o rendimento familiar mensal para as seguintes faixas: renda muito baixa, de at\u00e9 R$ R$ 1.650,50; renda baixa, entre R$ 1.650,50 e R$ 2.471,09; renda m\u00e9dia-baixa, entre R$ 2.471,09 e R$ 4.127,41; renda m\u00e9dia, entre R$ 4.127,41 e R$ 8.254,83; renda m\u00e9dia-alta, entre R$ 8.254,83 e R$ 16.509,66; e renda alta, acima de R$ 16.509,66.<\/span><\/p>\n<p>&nbsp;<\/p>\n","protected":false},"excerpt":{"rendered":"<p>ROSANA HESSEL Em pesquisa sobre o impacto da infla\u00e7\u00e3o por faixas de renda, o Instituto de Pesquisa Econ\u00f4mica Aplicada (Ipea) identificou que a carestia n\u00e3o tem afetado ricos e pobres, indiscriminadamente.\u00a0 Em mar\u00e7o, o instituto constatou que acelera\u00e7\u00e3o da infla\u00e7\u00e3o ocorreu em todas as classes de renda nas compara\u00e7\u00f5es na margem, ou seja, em rela\u00e7\u00e3o [&hellip;]<\/p>\n","protected":false},"author":22,"featured_media":11369,"comment_status":"open","ping_status":"closed","sticky":false,"template":"","format":"standard","meta":{"footnotes":""},"categories":[600],"tags":[5373,14,2857],"class_list":["post-18281","post","type-post","status-publish","format-standard","has-post-thumbnail","hentry","category-economia","tag-faixas-de-renda","tag-inflacao","tag-ipea"],"_links":{"self":[{"href":"https:\/\/blogs.correiobraziliense.com.br\/vicente\/wp-json\/wp\/v2\/posts\/18281","targetHints":{"allow":["GET"]}}],"collection":[{"href":"https:\/\/blogs.correiobraziliense.com.br\/vicente\/wp-json\/wp\/v2\/posts"}],"about":[{"href":"https:\/\/blogs.correiobraziliense.com.br\/vicente\/wp-json\/wp\/v2\/types\/post"}],"author":[{"embeddable":true,"href":"https:\/\/blogs.correiobraziliense.com.br\/vicente\/wp-json\/wp\/v2\/users\/22"}],"replies":[{"embeddable":true,"href":"https:\/\/blogs.correiobraziliense.com.br\/vicente\/wp-json\/wp\/v2\/comments?post=18281"}],"version-history":[{"count":5,"href":"https:\/\/blogs.correiobraziliense.com.br\/vicente\/wp-json\/wp\/v2\/posts\/18281\/revisions"}],"predecessor-version":[{"id":18286,"href":"https:\/\/blogs.correiobraziliense.com.br\/vicente\/wp-json\/wp\/v2\/posts\/18281\/revisions\/18286"}],"wp:featuredmedia":[{"embeddable":true,"href":"https:\/\/blogs.correiobraziliense.com.br\/vicente\/wp-json\/wp\/v2\/media\/11369"}],"wp:attachment":[{"href":"https:\/\/blogs.correiobraziliense.com.br\/vicente\/wp-json\/wp\/v2\/media?parent=18281"}],"wp:term":[{"taxonomy":"category","embeddable":true,"href":"https:\/\/blogs.correiobraziliense.com.br\/vicente\/wp-json\/wp\/v2\/categories?post=18281"},{"taxonomy":"post_tag","embeddable":true,"href":"https:\/\/blogs.correiobraziliense.com.br\/vicente\/wp-json\/wp\/v2\/tags?post=18281"}],"curies":[{"name":"wp","href":"https:\/\/api.w.org\/{rel}","templated":true}]}}