{"id":18270,"date":"2021-04-09T12:56:24","date_gmt":"2021-04-09T15:56:24","guid":{"rendered":"https:\/\/blogs.correiobraziliense.com.br\/vicente\/?p=18270"},"modified":"2021-04-09T12:56:24","modified_gmt":"2021-04-09T15:56:24","slug":"desmatamento-em-marco-e-o-maior-da-serie-historica-diz-greenpeace","status":"publish","type":"post","link":"https:\/\/blogs.correiobraziliense.com.br\/vicente\/desmatamento-em-marco-e-o-maior-da-serie-historica-diz-greenpeace\/","title":{"rendered":"Desmatamento em mar\u00e7o \u00e9 o maior da s\u00e9rie hist\u00f3rica, diz Greenpeace"},"content":{"rendered":"<h2>ROSANA HESSEL<\/h2>\n<h2><\/h2>\n<h2>Ambientalistas ficaram bastante preocupados com os dados alarmantes divulgados nesta sexta-feira (09\/04) pelo sistema Deter, do Instituto de Pesquisas Espaciais (Inpe). Segundo eles, os novos n\u00fameros da entidade do governo revelam que a \u00e1rea com alertas de desmatamento para mar\u00e7o de 2021 na Amaz\u00f4nia &#8220;\u00e9 a maior da s\u00e9rie hist\u00f3rica&#8221;.<\/h2>\n<h2><\/h2>\n<p>Conforme os dados coletados pelo Greenpeace junto ao Inpe, pelo menos, 36 mil hectares de floresta foram perdidos, um novo recorde que o pa\u00eds n\u00e3o tem nada a comemorar. Apesar de uma cobertura de nuvens superior, houve um aumento de 12,5% em rela\u00e7\u00e3o a mar\u00e7o de 2020.<\/p>\n<p>&nbsp;<\/p>\n<p>\u201cO que j\u00e1 \u00e9 ruim pode piorar, com Ricardo Salles trabalhando contra o meio ambiente e o Congresso Nacional trabalhando para legalizar grilagem, flexibilizar o licenciamento ambiental e abrir terras ind\u00edgenas para minera\u00e7\u00e3o, o desmatamento tende a continuar em alta\u201d, destacou Cristiane Mazzetti, Gestora Ambiental do Greenpeace, em nota enviada ao <strong>Blog<\/strong>.<\/p>\n<p>&nbsp;<\/p>\n<p>De acordo com a entidade, \u00e9 dif\u00edcil imaginar uma solu\u00e7\u00e3o para a Amaz\u00f4nia proposta por um governo respons\u00e1vel por um aumento hist\u00f3rico do desmatamento. As taxas de aumento da destrui\u00e7\u00e3o da floresta nunca foram observadas desde 2008, e superam as de 9% de crescimento em 2020 comparado ao ano de 2019.<\/p>\n<p>&nbsp;<\/p>\n<p>O Greenpece lamentou o fato de que o governo continua reduzindo investimentos na fiscaliza\u00e7\u00e3o na \u00e1rea ambiental e, com isso, &#8220;corta recursos para a prote\u00e7\u00e3o do meio ambiente, conforme o Projeto de Lei Or\u00e7ament\u00e1ria Anual (PLOA) de 2021&#8221;. Assim a impunidade cresce no campo e na floresta, e &#8220;grandes pol\u00edgonos de desmatamento t\u00eam sido cada vez mais observados nas imagens de sat\u00e9lite, com \u00e1reas de mil, 3 mil e at\u00e9 5 mil hectares&#8221;.<\/p>\n<p>&nbsp;<\/p>\n<p>&#8220;N\u00e3o ser\u00e1 um rascunho desconexo de plano (Plano Operativo 2020-2023) para o controle do desmatamento, ou um acordo a portas fechadas com os Estados Unidos que reverter\u00e1 toda a avalanche de destrui\u00e7\u00e3o na Amaz\u00f4nia&#8221;, frisou o comunicado.\u00a0\u201cVoltamos \u00e0 era dos grandes desmatamentos e em meio a medidas que promovem o desmatamento na Amaz\u00f4nia e premiam os criminosos, o Deter de mar\u00e7o \u00e9 mais um motivo para que o governo Biden n\u00e3o assine um \u201ccheque em branco\u201d com o governo de Bolsonaro\u201d, lamentou Cristiane.<\/p>\n","protected":false},"excerpt":{"rendered":"<p>ROSANA HESSEL Ambientalistas ficaram bastante preocupados com os dados alarmantes divulgados nesta sexta-feira (09\/04) pelo sistema Deter, do Instituto de Pesquisas Espaciais (Inpe). Segundo eles, os novos n\u00fameros da entidade do governo revelam que a \u00e1rea com alertas de desmatamento para mar\u00e7o de 2021 na Amaz\u00f4nia &#8220;\u00e9 a maior da s\u00e9rie hist\u00f3rica&#8221;. Conforme os dados [&hellip;]<\/p>\n","protected":false},"author":22,"featured_media":0,"comment_status":"open","ping_status":"closed","sticky":false,"template":"","format":"standard","meta":{"footnotes":""},"categories":[600],"tags":[2636,5366,5365,5367,5368],"class_list":["post-18270","post","type-post","status-publish","format-standard","hentry","category-economia","tag-amazonia","tag-desmatamento","tag-greenpeace","tag-inpe","tag-maior-da-historia"],"_links":{"self":[{"href":"https:\/\/blogs.correiobraziliense.com.br\/vicente\/wp-json\/wp\/v2\/posts\/18270","targetHints":{"allow":["GET"]}}],"collection":[{"href":"https:\/\/blogs.correiobraziliense.com.br\/vicente\/wp-json\/wp\/v2\/posts"}],"about":[{"href":"https:\/\/blogs.correiobraziliense.com.br\/vicente\/wp-json\/wp\/v2\/types\/post"}],"author":[{"embeddable":true,"href":"https:\/\/blogs.correiobraziliense.com.br\/vicente\/wp-json\/wp\/v2\/users\/22"}],"replies":[{"embeddable":true,"href":"https:\/\/blogs.correiobraziliense.com.br\/vicente\/wp-json\/wp\/v2\/comments?post=18270"}],"version-history":[{"count":1,"href":"https:\/\/blogs.correiobraziliense.com.br\/vicente\/wp-json\/wp\/v2\/posts\/18270\/revisions"}],"predecessor-version":[{"id":18272,"href":"https:\/\/blogs.correiobraziliense.com.br\/vicente\/wp-json\/wp\/v2\/posts\/18270\/revisions\/18272"}],"wp:attachment":[{"href":"https:\/\/blogs.correiobraziliense.com.br\/vicente\/wp-json\/wp\/v2\/media?parent=18270"}],"wp:term":[{"taxonomy":"category","embeddable":true,"href":"https:\/\/blogs.correiobraziliense.com.br\/vicente\/wp-json\/wp\/v2\/categories?post=18270"},{"taxonomy":"post_tag","embeddable":true,"href":"https:\/\/blogs.correiobraziliense.com.br\/vicente\/wp-json\/wp\/v2\/tags?post=18270"}],"curies":[{"name":"wp","href":"https:\/\/api.w.org\/{rel}","templated":true}]}}