{"id":18266,"date":"2021-04-09T12:26:48","date_gmt":"2021-04-09T15:26:48","guid":{"rendered":"https:\/\/blogs.correiobraziliense.com.br\/vicente\/?p=18266"},"modified":"2021-04-09T19:15:06","modified_gmt":"2021-04-09T22:15:06","slug":"ipca-acumulado-em-12-meses-deve-chegar-a-75-em-junho-preve-andre-braz-da-fgv","status":"publish","type":"post","link":"https:\/\/blogs.correiobraziliense.com.br\/vicente\/ipca-acumulado-em-12-meses-deve-chegar-a-75-em-junho-preve-andre-braz-da-fgv\/","title":{"rendered":"IPCA acumulado em 12 meses deve chegar a 7,5% em junho, prev\u00ea Andr\u00e9 Braz, da FGV"},"content":{"rendered":"<h2>ROSANA HESSEL<\/h2>\n<h2><\/h2>\n<h2>A alta de 0,93% no \u00cdndice de Pre\u00e7os ao Consumidor Amplo (IPCA) de mar\u00e7o, em rela\u00e7\u00e3o a fevereiro, n\u00e3o trouxe surpresas, na avalia\u00e7\u00e3o do economista Andr\u00e9 Braz, coordenador do \u00cdndice de Pre\u00e7os ao Consumidor (IPC) do Instituto Brasileiro de Economia da Funda\u00e7\u00e3o Getulio Vargas (FGV Ibre). Para ele, o indicador da infla\u00e7\u00e3o oficial vai continuar acelerando no acumulado em 12 meses, devendo chegar a 7,5% em junho.<\/h2>\n<p>&nbsp;<\/p>\n<p>&#8220;O IPCA veio praticamente igual ao IPCA-15 (que \u00e9 a pr\u00e9via e ficou em 0,93% na primeira quinzena de mar\u00e7o). E teve uma precis\u00e3o cir\u00fargica&#8221;, avaliou Braz, em entrevista ao <strong>Blog<\/strong>.\u00a0 Ele lembrou que os vil\u00f5es da infla\u00e7\u00e3o do m\u00eas passado foram os itens energ\u00e9ticos, com destaque para a gasolina que subiu quase 12% na varia\u00e7\u00e3o mensal e foi contribuiu em 0,6 ponto percentual na alta do indicador do Instituto Brasileiro de Geografia e Estat\u00edstica (IBGE).<\/p>\n<p>&nbsp;<\/p>\n<p><a href=\"https:\/\/blogs.correiobraziliense.com.br\/vicente\/ipca-sobe-093-em-marco-e-acumula-alta-de-610-em-12-meses\/\">Conforme os dados do IBGE divulgados nesta sexta-feira (09\/04), o IPCA acumulou alta de 6,10% em 12 meses encerrados em mar\u00e7o.<\/a> Com isso, a press\u00e3o dos pre\u00e7os fez o indicador de carestia dos brasileiros estourar o teto da meta de infla\u00e7\u00e3o, de 5,25% anuais, pela primeira vez em quatro anos. O centro da meta deste ano determinada pelo Conselho Monet\u00e1rio Nacional (CMN) \u00e9 de 3,75%.<\/p>\n<p>&nbsp;<\/p>\n<p><strong>Gasolina, maior vil\u00e3o<\/strong><\/p>\n<p>&nbsp;<\/p>\n<p>&#8220;A alta da gasolina foi respons\u00e1vel por dois ter\u00e7os do \u00edndice. Se n\u00e3o fosse isso, ter\u00edamos um IPCA bem mais baixo&#8221;, comparou o economista. Ele lembrou que os pre\u00e7os dos alimentos ficou praticamente est\u00e1vel enquanto habita\u00e7\u00e3o e combust\u00edveis foram os que mais pressionaram os pre\u00e7os. &#8220;O que chamou a aten\u00e7\u00e3o foi a alta no pre\u00e7o do g\u00e1s de botij\u00e3o, de quase 5%, que influenciou os gastos com habita\u00e7\u00e3o, assim como os reajustes das concession\u00e1rias de \u00e1gua e esgoto e de luz. A infla\u00e7\u00e3o dos energ\u00e9ticos reinou no IPCA e isso contribuiu para que a dissemina\u00e7\u00e3o n\u00e3o fosse muito ampla&#8221;, destacou.<\/p>\n<p>&nbsp;<\/p>\n<p>De acordo com o Braz, o fator positivo foi a queda nos pre\u00e7os de alguns alimentos in natura e de itens da cesta b\u00e1sica, como arroz e leite. &#8220;Apesar desses itens terem subido muito e a queda ter sido de magnitude pequena, qualquer diminui\u00e7\u00e3o nos pre\u00e7os \u00e9 bem-vinda&#8221;, acrescentou.<\/p>\n<p>&nbsp;<\/p>\n<p>O especialista em \u00edndices de pre\u00e7os destacou que, em abril, a expectativa \u00e9 que o IPCA apresente uma varia\u00e7\u00e3o mensal mais baixa do que mar\u00e7o. &#8220;No ano passado, o IPCA de abril foi negativo em 0,30%, mas o indicador deve continuar no terreno positivo e, vai manter a acelera\u00e7\u00e3o no acumulado em 12 meses, devendo chegar a 7,5% em junho e, s\u00f3 a partir de julho, deve come\u00e7ar a desacelerar, encerrando o ano em torno de 5%, taxa acima da meta de infla\u00e7\u00e3o, de 3,75%&#8221;, explicou.<\/p>\n<p>&nbsp;<\/p>\n<p>&nbsp;<\/p>\n","protected":false},"excerpt":{"rendered":"<p>ROSANA HESSEL A alta de 0,93% no \u00cdndice de Pre\u00e7os ao Consumidor Amplo (IPCA) de mar\u00e7o, em rela\u00e7\u00e3o a fevereiro, n\u00e3o trouxe surpresas, na avalia\u00e7\u00e3o do economista Andr\u00e9 Braz, coordenador do \u00cdndice de Pre\u00e7os ao Consumidor (IPC) do Instituto Brasileiro de Economia da Funda\u00e7\u00e3o Getulio Vargas (FGV Ibre). Para ele, o indicador da infla\u00e7\u00e3o oficial [&hellip;]<\/p>\n","protected":false},"author":22,"featured_media":12528,"comment_status":"open","ping_status":"closed","sticky":false,"template":"","format":"standard","meta":{"footnotes":""},"categories":[600],"tags":[4984,5111,535,268,14,1213],"class_list":["post-18266","post","type-post","status-publish","format-standard","has-post-thumbnail","hentry","category-economia","tag-andre-braz","tag-custo-de-vida","tag-fgv","tag-gasolina","tag-inflacao","tag-ipca"],"_links":{"self":[{"href":"https:\/\/blogs.correiobraziliense.com.br\/vicente\/wp-json\/wp\/v2\/posts\/18266","targetHints":{"allow":["GET"]}}],"collection":[{"href":"https:\/\/blogs.correiobraziliense.com.br\/vicente\/wp-json\/wp\/v2\/posts"}],"about":[{"href":"https:\/\/blogs.correiobraziliense.com.br\/vicente\/wp-json\/wp\/v2\/types\/post"}],"author":[{"embeddable":true,"href":"https:\/\/blogs.correiobraziliense.com.br\/vicente\/wp-json\/wp\/v2\/users\/22"}],"replies":[{"embeddable":true,"href":"https:\/\/blogs.correiobraziliense.com.br\/vicente\/wp-json\/wp\/v2\/comments?post=18266"}],"version-history":[{"count":3,"href":"https:\/\/blogs.correiobraziliense.com.br\/vicente\/wp-json\/wp\/v2\/posts\/18266\/revisions"}],"predecessor-version":[{"id":18273,"href":"https:\/\/blogs.correiobraziliense.com.br\/vicente\/wp-json\/wp\/v2\/posts\/18266\/revisions\/18273"}],"wp:featuredmedia":[{"embeddable":true,"href":"https:\/\/blogs.correiobraziliense.com.br\/vicente\/wp-json\/wp\/v2\/media\/12528"}],"wp:attachment":[{"href":"https:\/\/blogs.correiobraziliense.com.br\/vicente\/wp-json\/wp\/v2\/media?parent=18266"}],"wp:term":[{"taxonomy":"category","embeddable":true,"href":"https:\/\/blogs.correiobraziliense.com.br\/vicente\/wp-json\/wp\/v2\/categories?post=18266"},{"taxonomy":"post_tag","embeddable":true,"href":"https:\/\/blogs.correiobraziliense.com.br\/vicente\/wp-json\/wp\/v2\/tags?post=18266"}],"curies":[{"name":"wp","href":"https:\/\/api.w.org\/{rel}","templated":true}]}}