{"id":18261,"date":"2021-04-09T10:46:16","date_gmt":"2021-04-09T13:46:16","guid":{"rendered":"https:\/\/blogs.correiobraziliense.com.br\/vicente\/?p=18261"},"modified":"2021-04-09T10:46:32","modified_gmt":"2021-04-09T13:46:32","slug":"inflacao-dos-mais-pobres-sobe-694-no-acumulado-em-12-meses","status":"publish","type":"post","link":"https:\/\/blogs.correiobraziliense.com.br\/vicente\/inflacao-dos-mais-pobres-sobe-694-no-acumulado-em-12-meses\/","title":{"rendered":"Infla\u00e7\u00e3o dos mais pobres sobe 6,94% no acumulado em 12 meses"},"content":{"rendered":"<h2>ROSANA HESSEL<\/h2>\n<h2><\/h2>\n<h2>A desacelera\u00e7\u00e3o nos pre\u00e7os dos alimentos no m\u00eas de mar\u00e7o n\u00e3o reverteu a acelera\u00e7\u00e3o da do \u00cdndice Nacional de Pre\u00e7os ao Consumidor (INPC), que mede a infla\u00e7\u00e3o para as fam\u00edlias mais pobres, e a taxa acumulada em 12 meses continua acima do \u00cdndice de Pre\u00e7os ao Consumidor Amplo (IPCA), indicador da infla\u00e7\u00e3o oficial.<\/h2>\n<p>&nbsp;<\/p>\n<p>O INPC, \u00edndice utilizado para corre\u00e7\u00e3o do sal\u00e1rio m\u00ednimo, registrou alta de 0,86% em mar\u00e7o, ficando 0,04 ponto percentual acima do resultado de fevereiro, de 0,82%, conforme os dados do Instituto Brasileiro de Geografia e Estat\u00edstica (IBGE) divulgados nesta sexta-feira (09\/04).\u00a0Foi o maior \u00edndice para o m\u00eas desde maro de 2015, quando INPC variou 1,51%. No mesmo per\u00edodo de de 2020, o indicador subiu de 0,18%.<\/p>\n<p>&nbsp;<\/p>\n<p>No ano, o INPC acumula alta de 1,96% e, em 12 meses encerrados em mar\u00e7o, de 6,94%, acima dos 6,22% observados nos 12 meses imediatamente anteriores.\u00a0Essa varia\u00e7\u00e3o superou a alta do IPCA, que avan\u00e7ou 6,10% no mesmo per\u00edodo.<\/p>\n<p>&nbsp;<\/p>\n<p>De acordo com os dados do IBGE, os\u00a0produtos aliment\u00edcios, que tem forte peso no INPC, subiram 0,07% em mar\u00e7o, abaixo do resultado de 0,17% observado em fevereiro. J\u00e1 os produtos n\u00e3o aliment\u00edcios tiveram alta de 1,11%, enquanto, no m\u00eas anterior, registraram alta de 1,03%.<\/p>\n<p>&nbsp;<\/p>\n<p><strong>Bras\u00edlia lidera alta<\/strong><\/p>\n<p>&nbsp;<\/p>\n<p>Todas as 16 capitais pesquisadas pelo IBGE registraram alta no INPC de mar\u00e7o. A maior varia\u00e7\u00e3o ocorreu em Bras\u00edlia, de 1,38%, principalmente por conta das altas nos pre\u00e7os da gasolina, de 12,03%,\u00a0 e do g\u00e1s de botij\u00e3o, de\u00a0 5,66%. Em 12 meses, o indicador registra eleva\u00e7\u00e3o de 7% na capital federal.<\/p>\n<p>&nbsp;<\/p>\n<p>Assim como no IPCA, a regi\u00e3o metropolitana do Recife apresentou a menor oscila\u00e7\u00e3o do INPC, de 0,57%, por conta das quedas na energia el\u00e9trica (-2,29%) e no tomate (-21,03%).<\/p>\n<p>&nbsp;<\/p>\n<p>O INPC \u00e9 calculado pelo IBGE desde 1979 e sua pesquisa contempla as fam\u00edlias com rendimento de at\u00e9 cinco sal\u00e1rios m\u00ednimos, sendo o chefe assalariado. O levantamento abrange dez regi\u00f5es metropolitanas do pa\u00eds, al\u00e9m dos munic\u00edpios de Goi\u00e2nia, Campo Grande, Rio Branco, S\u00e3o Lu\u00eds, Aracaju e de Bras\u00edlia.<\/p>\n<p>&nbsp;<\/p>\n","protected":false},"excerpt":{"rendered":"<p>ROSANA HESSEL A desacelera\u00e7\u00e3o nos pre\u00e7os dos alimentos no m\u00eas de mar\u00e7o n\u00e3o reverteu a acelera\u00e7\u00e3o da do \u00cdndice Nacional de Pre\u00e7os ao Consumidor (INPC), que mede a infla\u00e7\u00e3o para as fam\u00edlias mais pobres, e a taxa acumulada em 12 meses continua acima do \u00cdndice de Pre\u00e7os ao Consumidor Amplo (IPCA), indicador da infla\u00e7\u00e3o oficial. [&hellip;]<\/p>\n","protected":false},"author":22,"featured_media":15703,"comment_status":"open","ping_status":"closed","sticky":false,"template":"","format":"standard","meta":{"footnotes":""},"categories":[600],"tags":[5111,391,5364,1130,1152],"class_list":["post-18261","post","type-post","status-publish","format-standard","has-post-thumbnail","hentry","category-economia","tag-custo-de-vida","tag-ibge","tag-inflacao-dos-mais-pobres","tag-inpc","tag-salario-minimo"],"_links":{"self":[{"href":"https:\/\/blogs.correiobraziliense.com.br\/vicente\/wp-json\/wp\/v2\/posts\/18261","targetHints":{"allow":["GET"]}}],"collection":[{"href":"https:\/\/blogs.correiobraziliense.com.br\/vicente\/wp-json\/wp\/v2\/posts"}],"about":[{"href":"https:\/\/blogs.correiobraziliense.com.br\/vicente\/wp-json\/wp\/v2\/types\/post"}],"author":[{"embeddable":true,"href":"https:\/\/blogs.correiobraziliense.com.br\/vicente\/wp-json\/wp\/v2\/users\/22"}],"replies":[{"embeddable":true,"href":"https:\/\/blogs.correiobraziliense.com.br\/vicente\/wp-json\/wp\/v2\/comments?post=18261"}],"version-history":[{"count":1,"href":"https:\/\/blogs.correiobraziliense.com.br\/vicente\/wp-json\/wp\/v2\/posts\/18261\/revisions"}],"predecessor-version":[{"id":18262,"href":"https:\/\/blogs.correiobraziliense.com.br\/vicente\/wp-json\/wp\/v2\/posts\/18261\/revisions\/18262"}],"wp:featuredmedia":[{"embeddable":true,"href":"https:\/\/blogs.correiobraziliense.com.br\/vicente\/wp-json\/wp\/v2\/media\/15703"}],"wp:attachment":[{"href":"https:\/\/blogs.correiobraziliense.com.br\/vicente\/wp-json\/wp\/v2\/media?parent=18261"}],"wp:term":[{"taxonomy":"category","embeddable":true,"href":"https:\/\/blogs.correiobraziliense.com.br\/vicente\/wp-json\/wp\/v2\/categories?post=18261"},{"taxonomy":"post_tag","embeddable":true,"href":"https:\/\/blogs.correiobraziliense.com.br\/vicente\/wp-json\/wp\/v2\/tags?post=18261"}],"curies":[{"name":"wp","href":"https:\/\/api.w.org\/{rel}","templated":true}]}}