{"id":1826,"date":"2016-07-06T05:10:08","date_gmt":"2016-07-06T08:10:08","guid":{"rendered":"https:\/\/blogs.correiobraziliense.com.br\/vicente\/?p=1826"},"modified":"2016-07-08T09:27:27","modified_gmt":"2016-07-08T12:27:27","slug":"temer-dara-reajustes-para-mais-servidores","status":"publish","type":"post","link":"https:\/\/blogs.correiobraziliense.com.br\/vicente\/temer-dara-reajustes-para-mais-servidores\/","title":{"rendered":"Temer dar\u00e1 reajustes para mais servidores"},"content":{"rendered":"<p>\u00c0s v\u00e9speras de anunciar a meta fiscal de 2017, um rombo de aproximadamente R$ 150 bilh\u00f5es, o presidente interino, Michel Temer, encaminhar\u00e1 ao Congresso mais projetos de lei propondo reajustes a servidores. Tudo indica que as propostas chegar\u00e3o \u00e0s m\u00e3os de parlamentares ainda hoje.<\/p>\n<p>&nbsp;<\/p>\n<p>No novo pacote de reajustes est\u00e3o os acordos fechados com funcion\u00e1rios da Receita Federal e com policiais federais e rodovi\u00e1rios. V\u00e1rios dos aumentos foram acordados no apagar das luzes da administra\u00e7\u00e3o de Dilma Rousseff, em 11 de maio.\u00a0Segundo o governo, os novos projetos de lei j\u00e1 est\u00e3o inclu\u00eddos na fatura de R$ 67,7 bilh\u00f5es que ser\u00e1 arcada pelo Tesouro Navional at\u00e9 2018.<\/p>\n<p>&nbsp;<\/p>\n<p>T\u00e9cnicos da equipe econ\u00f4mica veem o envio das propostas ao Congresso como inadequada neste momento, pois h\u00e1 uma grande desconfian\u00e7a dos investidores em rela\u00e7\u00e3o ao compromisso de Temer com o ajuste fiscal.\u00a0O Pal\u00e1cio ressalta, por\u00e9m, que os projetos de lei precisam ser aprovados at\u00e9 o fim deste m\u00eas para que as carreiras beneficiadas possam ter reajustes a partir de agosto, como foi acordado com Dilma. Isso vale, sobretudo, para os servidores da Receita Federal.<\/p>\n<p>&nbsp;<\/p>\n<p>Os outros projetos j\u00e1 aprovados na C\u00e2mara devem ir \u00e0 vota\u00e7\u00e3o na pr\u00f3xima semana no Senado. H\u00e1 uma press\u00e3o enorme para que os senadores agilizem a an\u00e1lise dos aumentos para acalmar os \u00e2nimos na Esplanada dos Minist\u00e9rios e nos quart\u00e9is. Os militares est\u00e3o nesse pacote de reajustes.<\/p>\n<p>&nbsp;<\/p>\n<p><i>Bras\u00edlia, 05h10min<\/i><\/p>\n","protected":false},"excerpt":{"rendered":"<p>\u00c0s v\u00e9speras de anunciar a meta fiscal de 2017, um rombo de aproximadamente R$ 150 bilh\u00f5es, o presidente interino, Michel Temer, encaminhar\u00e1 ao Congresso mais projetos de lei propondo reajustes a servidores. Tudo indica que as propostas chegar\u00e3o \u00e0s m\u00e3os de parlamentares ainda hoje. &nbsp; No novo pacote de reajustes est\u00e3o os acordos fechados com [&hellip;]<\/p>\n","protected":false},"author":22,"featured_media":0,"comment_status":"open","ping_status":"closed","sticky":false,"template":"","format":"standard","meta":{"footnotes":""},"categories":[600,1],"tags":[360,571,111,123],"class_list":["post-1826","post","type-post","status-publish","format-standard","hentry","category-economia","category-sem-categoria","tag-equipe-economica","tag-mais-reajustes","tag-michel-temer","tag-servidores"],"_links":{"self":[{"href":"https:\/\/blogs.correiobraziliense.com.br\/vicente\/wp-json\/wp\/v2\/posts\/1826","targetHints":{"allow":["GET"]}}],"collection":[{"href":"https:\/\/blogs.correiobraziliense.com.br\/vicente\/wp-json\/wp\/v2\/posts"}],"about":[{"href":"https:\/\/blogs.correiobraziliense.com.br\/vicente\/wp-json\/wp\/v2\/types\/post"}],"author":[{"embeddable":true,"href":"https:\/\/blogs.correiobraziliense.com.br\/vicente\/wp-json\/wp\/v2\/users\/22"}],"replies":[{"embeddable":true,"href":"https:\/\/blogs.correiobraziliense.com.br\/vicente\/wp-json\/wp\/v2\/comments?post=1826"}],"version-history":[{"count":1,"href":"https:\/\/blogs.correiobraziliense.com.br\/vicente\/wp-json\/wp\/v2\/posts\/1826\/revisions"}],"predecessor-version":[{"id":1827,"href":"https:\/\/blogs.correiobraziliense.com.br\/vicente\/wp-json\/wp\/v2\/posts\/1826\/revisions\/1827"}],"wp:attachment":[{"href":"https:\/\/blogs.correiobraziliense.com.br\/vicente\/wp-json\/wp\/v2\/media?parent=1826"}],"wp:term":[{"taxonomy":"category","embeddable":true,"href":"https:\/\/blogs.correiobraziliense.com.br\/vicente\/wp-json\/wp\/v2\/categories?post=1826"},{"taxonomy":"post_tag","embeddable":true,"href":"https:\/\/blogs.correiobraziliense.com.br\/vicente\/wp-json\/wp\/v2\/tags?post=1826"}],"curies":[{"name":"wp","href":"https:\/\/api.w.org\/{rel}","templated":true}]}}