{"id":18224,"date":"2021-04-07T21:50:18","date_gmt":"2021-04-08T00:50:18","guid":{"rendered":"https:\/\/blogs.correiobraziliense.com.br\/vicente\/?p=18224"},"modified":"2021-04-07T22:39:18","modified_gmt":"2021-04-08T01:39:18","slug":"pais-pode-enfrentar-um-apagao-de-vacinas-contra-a-covid","status":"publish","type":"post","link":"https:\/\/blogs.correiobraziliense.com.br\/vicente\/pais-pode-enfrentar-um-apagao-de-vacinas-contra-a-covid\/","title":{"rendered":"Pa\u00eds pode enfrentar um apag\u00e3o de vacinas contra a covid"},"content":{"rendered":"<h2>O ministro da Sa\u00fade, Marcelo Queiroga, j\u00e1 foi avisado de que o Brasil pode enfrentar um apag\u00e3o de vacinas nas pr\u00f3ximas semanas. O risco disso acontecer aumentou muito nos \u00faltimos dias, diante da falta de insumos para a produ\u00e7\u00e3o da CoronaVac pelo Instituto Butantan e do ritmo lento da Fiocruz para envasar a Covishield, desenvolvida pela AstraZeneca e a Universidade de Oxford.<\/h2>\n<p>&nbsp;<\/p>\n<p>A meta de Queiroga era de que, ainda em abril, o Brasil j\u00e1 estivesse vacinando 1 milh\u00e3o de pessoas por dia, mas esse objetivo ainda est\u00e1 bem distante. O Butantan suspendeu a produ\u00e7\u00e3o porque o Insumo Farmac\u00eautico Ativo (IFA), fundamental para a produ\u00e7\u00e3o do imunizante, n\u00e3o chegou da China nesta quarta-feira (07\/04), como esperado. A previs\u00e3o \u00e9 de que a mat\u00e9ria -prima s\u00f3 seja entregue na pr\u00f3xima semana caso os acordos diplom\u00e1ticos surtam efeito.<\/p>\n<p>&nbsp;<\/p>\n<p>Para complicar, o cronograma de produ\u00e7\u00e3o da Fiocruz, que enfrentou s\u00e9rios problemas de adapta\u00e7\u00e3o de seu parque fabril para a envasar a Covishield, est\u00e1 muito aqu\u00e9m do previsto. Em abril, a funda\u00e7\u00e3o fez apenas uma entrega, no dia 2, para o Minist\u00e9rio da Sa\u00fade, de 1,3 milh\u00e3o de doses. A promessa \u00e9 de que mais 2 milh\u00f5es de doses sejam incorporados ao Programa Nacional de Imuniza\u00e7\u00e3o at\u00e9 10 de abril.<\/p>\n<p>&nbsp;<\/p>\n<p>Esse volume, nem se longe, atende \u00e0s necessidades do pa\u00eds \u2014 pelo menos sete capitais j\u00e1 suspenderam a vacina\u00e7\u00e3o de idosos, incluindo Bras\u00edlia. O Butantan informa que ainda tem como entregar mais 2,5 milh\u00f5es de doses na pr\u00f3xima semana. Essas vacinas est\u00e3o sendo submetidas ao programa de qualidade e s\u00e3o vitais para garantir a segunda dose para muita gente.<\/p>\n<p>&nbsp;<\/p>\n<p>A Fiocruz viu frustrada a perspectiva de importar 2 milh\u00f5es de doses da Covishield da \u00cdndia ainda em mar\u00e7o, mas aquele pa\u00eds vetou as exporta\u00e7\u00f5es de imunizantes diante da prioriza\u00e7\u00e3o de vacina\u00e7\u00e3o da popula\u00e7\u00e3o local. Esse mesmo problema est\u00e1 acontecendo na China, que reduziu a venda de IFAs, a mat\u00e9ria-prima usada pelo Butantan e pela Fiocruz, tamb\u00e9m para imunizar os cidad\u00e3os chineses.<\/p>\n<p>&nbsp;<\/p>\n<p><strong>Frustra\u00e7\u00e3o<\/strong><\/p>\n<p>&nbsp;<\/p>\n<p>Pelos c\u00e1lculos da Fiocruz, h\u00e1 IFA para produ\u00e7\u00e3o de vacinas at\u00e9 o in\u00edcio de maio. Mas a quantidade \u00e9 limitada. Ser\u00e3o 5 milh\u00f5es de doses at\u00e9 17 de abril, 4,7 milh\u00f5es entre 19 e 24 de abril e outras 6,7 milh\u00f5es entre 26 de abril e 1\u00ba de maio. Lembrando que todas as proje\u00e7\u00f5es da funda\u00e7\u00e3o vem sendo frustradas. Por isso, o sinal de alerta foi aceso no Minist\u00e9rio da Sa\u00fade.<\/p>\n<p>&nbsp;<\/p>\n<p>Se o IFA esperado pelo Butantan \u2014 que fornece hoje nove em cada 10 vacinas contra a covid no pa\u00eds \u2014 chegar da China na pr\u00f3xima semana, poder\u00e1 fabricar mais 10 milh\u00f5es de doses da CoronaVac. Caso isso ocorra, ser\u00e1 um al\u00edvio e o risco de apag\u00e3o desaparecer\u00e1 por um tempo do cen\u00e1rio.<\/p>\n<p>&nbsp;<\/p>\n<p><em>Bras\u00edlia, 21h50min<\/em><\/p>\n","protected":false},"excerpt":{"rendered":"<p>O ministro da Sa\u00fade, Marcelo Queiroga, j\u00e1 foi avisado de que o Brasil pode enfrentar um apag\u00e3o de vacinas nas pr\u00f3ximas semanas. O risco disso acontecer aumentou muito nos \u00faltimos dias, diante da falta de insumos para a produ\u00e7\u00e3o da CoronaVac pelo Instituto Butantan e do ritmo lento da Fiocruz para envasar a Covishield, desenvolvida [&hellip;]<\/p>\n","protected":false},"author":22,"featured_media":17604,"comment_status":"open","ping_status":"closed","sticky":false,"template":"","format":"standard","meta":{"footnotes":""},"categories":[600],"tags":[5262,5353,579],"class_list":["post-18224","post","type-post","status-publish","format-standard","has-post-thumbnail","hentry","category-economia","tag-ciencia","tag-pais-pode-enfrentar-um-apagao-de-vacinas-contra-a-covid","tag-saude"],"_links":{"self":[{"href":"https:\/\/blogs.correiobraziliense.com.br\/vicente\/wp-json\/wp\/v2\/posts\/18224","targetHints":{"allow":["GET"]}}],"collection":[{"href":"https:\/\/blogs.correiobraziliense.com.br\/vicente\/wp-json\/wp\/v2\/posts"}],"about":[{"href":"https:\/\/blogs.correiobraziliense.com.br\/vicente\/wp-json\/wp\/v2\/types\/post"}],"author":[{"embeddable":true,"href":"https:\/\/blogs.correiobraziliense.com.br\/vicente\/wp-json\/wp\/v2\/users\/22"}],"replies":[{"embeddable":true,"href":"https:\/\/blogs.correiobraziliense.com.br\/vicente\/wp-json\/wp\/v2\/comments?post=18224"}],"version-history":[{"count":1,"href":"https:\/\/blogs.correiobraziliense.com.br\/vicente\/wp-json\/wp\/v2\/posts\/18224\/revisions"}],"predecessor-version":[{"id":18225,"href":"https:\/\/blogs.correiobraziliense.com.br\/vicente\/wp-json\/wp\/v2\/posts\/18224\/revisions\/18225"}],"wp:featuredmedia":[{"embeddable":true,"href":"https:\/\/blogs.correiobraziliense.com.br\/vicente\/wp-json\/wp\/v2\/media\/17604"}],"wp:attachment":[{"href":"https:\/\/blogs.correiobraziliense.com.br\/vicente\/wp-json\/wp\/v2\/media?parent=18224"}],"wp:term":[{"taxonomy":"category","embeddable":true,"href":"https:\/\/blogs.correiobraziliense.com.br\/vicente\/wp-json\/wp\/v2\/categories?post=18224"},{"taxonomy":"post_tag","embeddable":true,"href":"https:\/\/blogs.correiobraziliense.com.br\/vicente\/wp-json\/wp\/v2\/tags?post=18224"}],"curies":[{"name":"wp","href":"https:\/\/api.w.org\/{rel}","templated":true}]}}