{"id":18141,"date":"2021-04-05T21:38:30","date_gmt":"2021-04-06T00:38:30","guid":{"rendered":"https:\/\/blogs.correiobraziliense.com.br\/vicente\/?p=18141"},"modified":"2021-04-05T21:38:41","modified_gmt":"2021-04-06T00:38:41","slug":"contrariando-bolsonaro-anvisa-condena-uso-de-medicamentos-sem-indicacoes-para-covid","status":"publish","type":"post","link":"https:\/\/blogs.correiobraziliense.com.br\/vicente\/contrariando-bolsonaro-anvisa-condena-uso-de-medicamentos-sem-indicacoes-para-covid\/","title":{"rendered":"Contrariando Bolsonaro, Anvisa condena uso de medicamentos sem indica\u00e7\u00f5es para covid"},"content":{"rendered":"<p>Num claro movimento contr\u00e1rio ao presidente Jair Bolsonaro, a Ag\u00eancia de Vigil\u00e2ncia Sanit\u00e1ria (Anvisa) divulgou, nesta segunda-feira (05\/04), comunicado no qual faz alerta sobre os riscos \u00e0 sa\u00fade da popula\u00e7\u00e3o causados pelo uso indiscriminado de medicamentos sem orienta\u00e7\u00e3o profissional, que pode levar \u00e0 morte.<\/p>\n<p>&nbsp;<\/p>\n<p>Bolsonaro continua na sua defesa do uso do tratamento precoce contra a covid-19, como o uso de cloroquina e ivermectina. Segundo a Anvisa, a automedica\u00e7\u00e3o, principalmente neste momento de pandemia, tem preocupado ainda mais as autoridades sanit\u00e1rias em todo o mundo. &#8220;\u00c9 preciso que as pessoas se conscientizem dos riscos reais dessa pr\u00e1tica, que pode causar rea\u00e7\u00f5es graves, inclusive \u00f3bitos&#8221;, assinala.<\/p>\n<p>&nbsp;<\/p>\n<p>Para a Anvisa, &#8220;todo medicamento apresenta riscos relacionados ao seu consumo, que deve ser baseado na rela\u00e7\u00e3o benef\u00edcio-risco&#8221;. &#8220;Ou seja, os benef\u00edcios para o paciente devem superar os riscos associados ao uso do produto. Essa avalia\u00e7\u00e3o \u00e9 realizada a partir de crit\u00e9rios t\u00e9cnico-cient\u00edficos, de acordo com o paciente e o conhecimento da doen\u00e7a, acrescenta.<\/p>\n<p>&nbsp;<\/p>\n<p>A ag\u00eancia ressalta que, para se ter uma ideia da dimens\u00e3o e da gravidade do problema, a Organiza\u00e7\u00e3o Mundial da Sa\u00fade (OMS) calcula que mais de 50% de todos os medicamentos s\u00e3o prescritos, dispensados ou vendidos de forma inadequada. Al\u00e9m disso, metade de todos os pacientes n\u00e3o faz uso dos medicamentos corretamente.<\/p>\n<p>&nbsp;<\/p>\n<p>&#8220;\u00c9 imprescind\u00edvel que profissionais de sa\u00fade e cidad\u00e3os notifiquem as suspeitas de eventos adversos, mesmo sem ter certeza da associa\u00e7\u00e3o entre o evento adverso e o medicamento. A notifica\u00e7\u00e3o torna poss\u00edvel identificar novos riscos e atualizar o perfil de seguran\u00e7a dos medicamentos&#8221;, alerta.<\/p>\n<p>&nbsp;<\/p>\n","protected":false},"excerpt":{"rendered":"<p>Num claro movimento contr\u00e1rio ao presidente Jair Bolsonaro, a Ag\u00eancia de Vigil\u00e2ncia Sanit\u00e1ria (Anvisa) divulgou, nesta segunda-feira (05\/04), comunicado no qual faz alerta sobre os riscos \u00e0 sa\u00fade da popula\u00e7\u00e3o causados pelo uso indiscriminado de medicamentos sem orienta\u00e7\u00e3o profissional, que pode levar \u00e0 morte. &nbsp; Bolsonaro continua na sua defesa do uso do tratamento precoce [&hellip;]<\/p>\n","protected":false},"author":22,"featured_media":17516,"comment_status":"open","ping_status":"closed","sticky":false,"template":"","format":"standard","meta":{"footnotes":""},"categories":[600],"tags":[],"class_list":["post-18141","post","type-post","status-publish","format-standard","has-post-thumbnail","hentry","category-economia"],"_links":{"self":[{"href":"https:\/\/blogs.correiobraziliense.com.br\/vicente\/wp-json\/wp\/v2\/posts\/18141","targetHints":{"allow":["GET"]}}],"collection":[{"href":"https:\/\/blogs.correiobraziliense.com.br\/vicente\/wp-json\/wp\/v2\/posts"}],"about":[{"href":"https:\/\/blogs.correiobraziliense.com.br\/vicente\/wp-json\/wp\/v2\/types\/post"}],"author":[{"embeddable":true,"href":"https:\/\/blogs.correiobraziliense.com.br\/vicente\/wp-json\/wp\/v2\/users\/22"}],"replies":[{"embeddable":true,"href":"https:\/\/blogs.correiobraziliense.com.br\/vicente\/wp-json\/wp\/v2\/comments?post=18141"}],"version-history":[{"count":1,"href":"https:\/\/blogs.correiobraziliense.com.br\/vicente\/wp-json\/wp\/v2\/posts\/18141\/revisions"}],"predecessor-version":[{"id":18142,"href":"https:\/\/blogs.correiobraziliense.com.br\/vicente\/wp-json\/wp\/v2\/posts\/18141\/revisions\/18142"}],"wp:featuredmedia":[{"embeddable":true,"href":"https:\/\/blogs.correiobraziliense.com.br\/vicente\/wp-json\/wp\/v2\/media\/17516"}],"wp:attachment":[{"href":"https:\/\/blogs.correiobraziliense.com.br\/vicente\/wp-json\/wp\/v2\/media?parent=18141"}],"wp:term":[{"taxonomy":"category","embeddable":true,"href":"https:\/\/blogs.correiobraziliense.com.br\/vicente\/wp-json\/wp\/v2\/categories?post=18141"},{"taxonomy":"post_tag","embeddable":true,"href":"https:\/\/blogs.correiobraziliense.com.br\/vicente\/wp-json\/wp\/v2\/tags?post=18141"}],"curies":[{"name":"wp","href":"https:\/\/api.w.org\/{rel}","templated":true}]}}