{"id":18128,"date":"2021-04-04T22:57:34","date_gmt":"2021-04-05T01:57:34","guid":{"rendered":"https:\/\/blogs.correiobraziliense.com.br\/vicente\/?p=18128"},"modified":"2021-04-04T23:30:33","modified_gmt":"2021-04-05T02:30:33","slug":"com-hospitais-militares-lotados-exercito-contrata-leitos-de-uti-na-rede-privada","status":"publish","type":"post","link":"https:\/\/blogs.correiobraziliense.com.br\/vicente\/com-hospitais-militares-lotados-exercito-contrata-leitos-de-uti-na-rede-privada\/","title":{"rendered":"Com hospitais militares lotados, Ex\u00e9rcito contrata leitos de UTI na rede privada"},"content":{"rendered":"<h2>Com toda a sua rede sa\u00fade comprometida, diante do elevado n\u00famero de pacientes graves com covid-19, o <strong>Ex\u00e9rcito<\/strong> est\u00e1 sendo obrigado a contratar leitos de <strong>unidades de tratamento intensivo<\/strong> (UTIs) na rede privada. Nos estados em que nem os <strong>hospitais privados<\/strong> podem atender, a solu\u00e7\u00e3o est\u00e1 sendo transportar os pacientes para outras localidades.<\/h2>\n<p>&nbsp;<\/p>\n<p>Quem trabalha na rede de sa\u00fade das <strong>For\u00e7as Armadas<\/strong> diz que a situa\u00e7\u00e3o \u00e9 dram\u00e1tica como em todos os hospitais do pa\u00eds. Tem muito mais pacientes graves do que leitos para acomod\u00e1-los. No Hospital das For\u00e7as Armadas (HFA), de Bras\u00edlia, at\u00e9 a \u00e1rea presidencial foi adaptada para n\u00e3o deixar ningu\u00e9m morrer por falta de atendimento. <a href=\"https:\/\/blogs.correiobraziliense.com.br\/vicente\/hospital-das-forcas-armadas-tem-90-de-ocupacao-na-uti-e-contrata-conteiner-para-estocar-corpos\/\">O HFA contratou um cont\u00eainer frigor\u00edfico para estocar corpos<\/a>.<\/p>\n<p>&nbsp;<\/p>\n<p>A perspectiva \u00e9 de que, com a r\u00e1pida dissemina\u00e7\u00e3o do <strong>novo coronav\u00edrus<\/strong>, o quadro de colapso nos hospitais se mantenha por todo o m\u00eas de abril. Epidemiologistas dizem que os pr\u00f3ximos 30 dias ser\u00e3o os mais letais no pa\u00eds. A <strong>covid-19<\/strong> n\u00e3o dar\u00e1 tr\u00e9gua, sobretudo por causa da falta de respeito da popula\u00e7\u00e3o \u00e0s medidas de isolamento social.<\/p>\n<p>&nbsp;<\/p>\n<p><strong>Rede de atendimento \u00e9 pequena<\/strong><\/p>\n<p>&nbsp;<\/p>\n<p><a href=\"https:\/\/www.correiobraziliense.com.br\/politica\/2021\/03\/4914583-general-paulo-sergio-diz-que-exercito-ja-espera-3---onda-da-covid.html\">A situa\u00e7\u00e3o dram\u00e1tica dos hospitais do <strong>militares<\/strong> j\u00e1 havia sido relatada ao rep\u00f3rter Renato Souza, do <strong>Correio<\/strong>, pelo general Paulo S\u00e9rgio<\/a>, novo comandante do Ex\u00e9rcito. Antes de ser al\u00e7ado ao posto mais elevado da For\u00e7a, ele respondia pela \u00e1rea de Recursos Humanos, que inclui o setor de sa\u00fade.<\/p>\n<p>&nbsp;<\/p>\n<p>O Ex\u00e9rcito tem 60 unidades de sa\u00fade,\u00a0entre hospitais, policl\u00ednicas e postos avan\u00e7ados. Os hospitais, segundo o general, s\u00e3o bem equipados, mas n\u00e3o t\u00eam leitos de UTIs suficientes para todos. Al\u00e9m dos 220 mil militares da ativa, h\u00e1 os dependentes. S\u00e3o mais de <strong>700 mil pessoas<\/strong>.<\/p>\n<p>&nbsp;<\/p>\n<p>Outro problema grave neste momento \u00e9 o elevado n\u00edvel de <strong>infec\u00e7\u00e3o entre os jovens<\/strong>, que ocupam por mais tempo os leitos de <strong>UTIs<\/strong>. A taxa de mortalidade pela covid-19 entre os integrantes do Ex\u00e9rcito \u00e9 de 0,13% ante 2,5% de m\u00e9dia nacional. Os n\u00fameros, no entanto, est\u00e3o piorando em ambos os casos.<\/p>\n<p>&nbsp;<\/p>\n<p><em>Bras\u00edlia, 22h57min\u00a0\u00a0<\/em><\/p>\n","protected":false},"excerpt":{"rendered":"<p>Com toda a sua rede sa\u00fade comprometida, diante do elevado n\u00famero de pacientes graves com covid-19, o Ex\u00e9rcito est\u00e1 sendo obrigado a contratar leitos de unidades de tratamento intensivo (UTIs) na rede privada. Nos estados em que nem os hospitais privados podem atender, a solu\u00e7\u00e3o est\u00e1 sendo transportar os pacientes para outras localidades. &nbsp; Quem [&hellip;]<\/p>\n","protected":false},"author":22,"featured_media":17500,"comment_status":"open","ping_status":"closed","sticky":false,"template":"","format":"standard","meta":{"footnotes":""},"categories":[600],"tags":[378,5339,5340,1592,2787],"class_list":["post-18128","post","type-post","status-publish","format-standard","has-post-thumbnail","hentry","category-economia","tag-brasil","tag-com-hospitais-militares-lotados","tag-exercito-contrata-leitos-de-uti-na-rede-privada","tag-forcas-armadas","tag-politica"],"_links":{"self":[{"href":"https:\/\/blogs.correiobraziliense.com.br\/vicente\/wp-json\/wp\/v2\/posts\/18128","targetHints":{"allow":["GET"]}}],"collection":[{"href":"https:\/\/blogs.correiobraziliense.com.br\/vicente\/wp-json\/wp\/v2\/posts"}],"about":[{"href":"https:\/\/blogs.correiobraziliense.com.br\/vicente\/wp-json\/wp\/v2\/types\/post"}],"author":[{"embeddable":true,"href":"https:\/\/blogs.correiobraziliense.com.br\/vicente\/wp-json\/wp\/v2\/users\/22"}],"replies":[{"embeddable":true,"href":"https:\/\/blogs.correiobraziliense.com.br\/vicente\/wp-json\/wp\/v2\/comments?post=18128"}],"version-history":[{"count":1,"href":"https:\/\/blogs.correiobraziliense.com.br\/vicente\/wp-json\/wp\/v2\/posts\/18128\/revisions"}],"predecessor-version":[{"id":18129,"href":"https:\/\/blogs.correiobraziliense.com.br\/vicente\/wp-json\/wp\/v2\/posts\/18128\/revisions\/18129"}],"wp:featuredmedia":[{"embeddable":true,"href":"https:\/\/blogs.correiobraziliense.com.br\/vicente\/wp-json\/wp\/v2\/media\/17500"}],"wp:attachment":[{"href":"https:\/\/blogs.correiobraziliense.com.br\/vicente\/wp-json\/wp\/v2\/media?parent=18128"}],"wp:term":[{"taxonomy":"category","embeddable":true,"href":"https:\/\/blogs.correiobraziliense.com.br\/vicente\/wp-json\/wp\/v2\/categories?post=18128"},{"taxonomy":"post_tag","embeddable":true,"href":"https:\/\/blogs.correiobraziliense.com.br\/vicente\/wp-json\/wp\/v2\/tags?post=18128"}],"curies":[{"name":"wp","href":"https:\/\/api.w.org\/{rel}","templated":true}]}}