{"id":18126,"date":"2021-04-04T19:00:28","date_gmt":"2021-04-04T22:00:28","guid":{"rendered":"https:\/\/blogs.correiobraziliense.com.br\/vicente\/?p=18126"},"modified":"2021-04-04T19:13:56","modified_gmt":"2021-04-04T22:13:56","slug":"comecou-a-debandada-de-militares-do-ministerio-da-saude","status":"publish","type":"post","link":"https:\/\/blogs.correiobraziliense.com.br\/vicente\/comecou-a-debandada-de-militares-do-ministerio-da-saude\/","title":{"rendered":"Come\u00e7ou a debandada de militares do Minist\u00e9rio da Sa\u00fade"},"content":{"rendered":"<h2>RENATO SOUZA<\/h2>\n<h2><\/h2>\n<h2>Com a chegada do ministro Marcelo Queiroga ao Minist\u00e9rio da Sa\u00fade, militares que ocupam cargos na pasta est\u00e3o sendo exonerados. At\u00e9 o momento seis deixaram os cargos, a reestrutura\u00e7\u00e3o pode atingir todos que ocupam o primeiro e o segundo escal\u00f5es do \u00f3rg\u00e3o. A tend\u00eancia \u00e9 de que, ao todo, 25 integrantes das For\u00e7as Armadas saiam, entre demiss\u00f5es e pedidos para deixar suas atribui\u00e7\u00f5es.<\/h2>\n<p>&nbsp;<\/p>\n<p>Queiroga pretende refor\u00e7ar o corpo t\u00e9cnico do Minist\u00e9rio. A ordem do Pal\u00e1cio do Planalto \u00e9 convencer os brasileiros de que o chefe do Executivo apoiou a vacina\u00e7\u00e3o desde o in\u00edcio da pandemia do novo coronav\u00edrus. Vendo que &#8220;tratamento precoce&#8221; n\u00e3o funciona e a disparada do n\u00famero de \u00f3bitos e infec\u00e7\u00f5es, o governo pretende manter apoio eleitoral com a\u00e7\u00f5es em torno da vacina.<\/p>\n<p>&nbsp;<\/p>\n<p>Grande parte dos militares indicados pelo ex-ministro Eduardo Pazuello n\u00e3o tem experi\u00eancia pr\u00e1tica em hospitais do SUS. Eles nunca integraram campanhas nacionais de vacina\u00e7\u00e3o. A crise aberta entre o governo e as For\u00e7as Armadas tamb\u00e9m \u00e9 um fato que facilita as exonera\u00e7\u00f5es, j\u00e1 que n\u00e3o existe barreiras no governo para o afastamento de militares de postos que podem ser ocupados por civis<\/p>\n<p>&nbsp;<\/p>\n<p>Um dos exonerados \u00e9 Jorge Luiz Kormann, tenente-coronel da reserva que ocupava o cardo de secret\u00e1rio-executivo-adjunto, como mostrou a <em>Folha de S.Paulo<\/em>. Ele tinha sido indicado pelo presidente Jair Bolsonaro para a diretoria da Ag\u00eancia de Vigil\u00e2ncia Sanit\u00e1ria (Anvisa) em novembro. Mas, posteriormente, o presidente desistiu da ideia.<\/p>\n<p>&nbsp;<\/p>\n<p>O coronel \u00c9lcio Franco, que respondia pela secretaria-executiva, tamb\u00e9m foi exonerado. O coronel-m\u00e9dico Roberto Batista, diretor do Departamento de Sa\u00fade P\u00fablica da Funda\u00e7\u00e3o Nacional de Sa\u00fade (Funasa), foi outro que perdeu o cargo.<\/p>\n<p>&nbsp;<\/p>\n<p>Pelos c\u00e1lculos do Tribunal de Contas da Uni\u00e3o (TCU), mais de 6 mil militares ocupam fun\u00e7\u00f5es do Executivo, em autarquias e estatais federais. A maioria, no entanto, n\u00e3o abrir\u00e1 m\u00e3o da boquinha.<\/p>\n<p>&nbsp;<\/p>\n<p><em>Bras\u00edlia, 19h00min<\/em><\/p>\n","protected":false},"excerpt":{"rendered":"<p>RENATO SOUZA Com a chegada do ministro Marcelo Queiroga ao Minist\u00e9rio da Sa\u00fade, militares que ocupam cargos na pasta est\u00e3o sendo exonerados. At\u00e9 o momento seis deixaram os cargos, a reestrutura\u00e7\u00e3o pode atingir todos que ocupam o primeiro e o segundo escal\u00f5es do \u00f3rg\u00e3o. A tend\u00eancia \u00e9 de que, ao todo, 25 integrantes das For\u00e7as [&hellip;]<\/p>\n","protected":false},"author":22,"featured_media":17575,"comment_status":"open","ping_status":"closed","sticky":false,"template":"","format":"standard","meta":{"footnotes":""},"categories":[600],"tags":[926,5338,2526,2787],"class_list":["post-18126","post","type-post","status-publish","format-standard","has-post-thumbnail","hentry","category-economia","tag-brasilia","tag-comecou-a-debandada-de-militares-do-ministerio-da-saude","tag-poder","tag-politica"],"_links":{"self":[{"href":"https:\/\/blogs.correiobraziliense.com.br\/vicente\/wp-json\/wp\/v2\/posts\/18126","targetHints":{"allow":["GET"]}}],"collection":[{"href":"https:\/\/blogs.correiobraziliense.com.br\/vicente\/wp-json\/wp\/v2\/posts"}],"about":[{"href":"https:\/\/blogs.correiobraziliense.com.br\/vicente\/wp-json\/wp\/v2\/types\/post"}],"author":[{"embeddable":true,"href":"https:\/\/blogs.correiobraziliense.com.br\/vicente\/wp-json\/wp\/v2\/users\/22"}],"replies":[{"embeddable":true,"href":"https:\/\/blogs.correiobraziliense.com.br\/vicente\/wp-json\/wp\/v2\/comments?post=18126"}],"version-history":[{"count":1,"href":"https:\/\/blogs.correiobraziliense.com.br\/vicente\/wp-json\/wp\/v2\/posts\/18126\/revisions"}],"predecessor-version":[{"id":18127,"href":"https:\/\/blogs.correiobraziliense.com.br\/vicente\/wp-json\/wp\/v2\/posts\/18126\/revisions\/18127"}],"wp:featuredmedia":[{"embeddable":true,"href":"https:\/\/blogs.correiobraziliense.com.br\/vicente\/wp-json\/wp\/v2\/media\/17575"}],"wp:attachment":[{"href":"https:\/\/blogs.correiobraziliense.com.br\/vicente\/wp-json\/wp\/v2\/media?parent=18126"}],"wp:term":[{"taxonomy":"category","embeddable":true,"href":"https:\/\/blogs.correiobraziliense.com.br\/vicente\/wp-json\/wp\/v2\/categories?post=18126"},{"taxonomy":"post_tag","embeddable":true,"href":"https:\/\/blogs.correiobraziliense.com.br\/vicente\/wp-json\/wp\/v2\/tags?post=18126"}],"curies":[{"name":"wp","href":"https:\/\/api.w.org\/{rel}","templated":true}]}}