{"id":18124,"date":"2021-04-04T17:01:21","date_gmt":"2021-04-04T20:01:21","guid":{"rendered":"https:\/\/blogs.correiobraziliense.com.br\/vicente\/?p=18124"},"modified":"2021-04-04T18:21:42","modified_gmt":"2021-04-04T21:21:42","slug":"brasil-pode-ter-em-2021-o-primeiro-ano-da-historia-de-mais-mortes-do-que-de-nascimentos","status":"publish","type":"post","link":"https:\/\/blogs.correiobraziliense.com.br\/vicente\/brasil-pode-ter-em-2021-o-primeiro-ano-da-historia-de-mais-mortes-do-que-de-nascimentos\/","title":{"rendered":"Brasil pode ter, em 2021, o primeiro ano da hist\u00f3ria de mais mortes do que de nascimentos"},"content":{"rendered":"<h2>A velocidade com que o novo coronav\u00edrus est\u00e1 matando no Brasil pode levar o pa\u00eds a registrar, em 2021, o primeiro ano da hist\u00f3ria em que o n\u00famero de mortes superou o de nascimentos. <a href=\"https:\/\/www.correiobraziliense.com.br\/opiniao\/2021\/04\/4916004-artigo-a-unica-luz-possivel-no-fundo-do-abismo-brasileiro.html\">O alerta \u00e9 feito pelo m\u00e9dico Miguel Nicolelis, em artigo publicado no Correio<\/a>.<\/h2>\n<p>&nbsp;<\/p>\n<p>Ele diz que, desde o in\u00edcio do ano, a diferen\u00e7a entre nascimentos e mortes vem caindo no pa\u00eds. Em fevereiro, foram registrados 200.034 nascimentos e 121.559 \u00f3bitos (por covid-19 e outras causas), resultando em uma diferen\u00e7a de 78.475 habitantes acrescentados \u00e0 popula\u00e7\u00e3o. Em mar\u00e7o, essa diferen\u00e7a caiu para 47.047 \u2014 foram 220.302 nascimentos e 173.255 mortes.<\/p>\n<p>&nbsp;<\/p>\n<p>&#8220;Isso quer dizer que, se o n\u00famero de mortes por covid-19 e outras causas continuar a subir, o Brasil pode viver o primeiro momento de sua hist\u00f3ria em que as mortes superaram os nascimentos de novos cidad\u00e3os. Tal tend\u00eancia ilustra a magnitude profundamente \u00e9pica do impacto da covid-19 no pa\u00eds&#8221;, escreve o m\u00e9dico.<\/p>\n<p>&nbsp;<\/p>\n<p><strong>Medidas extremas<\/strong><\/p>\n<p>&nbsp;<\/p>\n<p>Levantamento da Universidade de Washington, nos Estados Unidos, aponta que, somente em abril, quase 100 mil brasileiros ter\u00e3o as vidas ceifadas pelo novo coronav\u00edrus. E o quadro tende a se agravar quanto mais tempo o governo demorar para p\u00f4r em pr\u00e1tica um plano consistente de vacina\u00e7\u00e3o em massa.<\/p>\n<p>&nbsp;<\/p>\n<p>Segundo o Instituto de M\u00e9tricas e Avalia\u00e7\u00e3o em Sa\u00fade (IHME, na sigla em ingl\u00eas), da Universidade de Washington, o Brasil registrar\u00e1 95.794 mil mortes por covid-19 no m\u00eas de abril. Com isso, o pa\u00eds chegar\u00e1 a 421.353 mortes no dia 30 de abril. Pelo levantamento, no pior dos cen\u00e1rios, o Brasil pode chegar a 422.074 mortes; no melhor, a 418.950 \u00f3bitos. At\u00e9 agora, s\u00e3o mais de 325 mil vidas perdidas.<\/p>\n<p>&nbsp;<\/p>\n<p>Para Nicolelis, &#8220;dentro deste festival de horrores&#8221;, existe o consenso nos meios cient\u00edficos de que o Brasil precisa tomar tr\u00eas medidas urgentes para tentar conter a crise sanit\u00e1ria. Primeiro, um lockdown nacional. Segundo, reduzir o tr\u00e2nsito de pessoas em trens, \u00f4nibus e avi\u00f5es. Terceiro, vacinar entre 2 milh\u00f5es e 3 milh\u00f5es de pessoas por dia. Nada disso, por\u00e9m, est\u00e1 no radar at\u00e9 agora.<\/p>\n<p>&nbsp;<\/p>\n<p><em>Bras\u00edlia, 17h01min<\/em><\/p>\n","protected":false},"excerpt":{"rendered":"<p>A velocidade com que o novo coronav\u00edrus est\u00e1 matando no Brasil pode levar o pa\u00eds a registrar, em 2021, o primeiro ano da hist\u00f3ria em que o n\u00famero de mortes superou o de nascimentos. O alerta \u00e9 feito pelo m\u00e9dico Miguel Nicolelis, em artigo publicado no Correio. &nbsp; Ele diz que, desde o in\u00edcio do [&hellip;]<\/p>\n","protected":false},"author":22,"featured_media":17516,"comment_status":"open","ping_status":"closed","sticky":false,"template":"","format":"standard","meta":{"footnotes":""},"categories":[600],"tags":[5335,5336,5337,2526,2787,579],"class_list":["post-18124","post","type-post","status-publish","format-standard","has-post-thumbnail","hentry","category-economia","tag-brasil-pode-ter","tag-em-2021","tag-o-primeiro-ano-da-historia-de-mais-mortes-do-que-de-nascimentos","tag-poder","tag-politica","tag-saude"],"_links":{"self":[{"href":"https:\/\/blogs.correiobraziliense.com.br\/vicente\/wp-json\/wp\/v2\/posts\/18124","targetHints":{"allow":["GET"]}}],"collection":[{"href":"https:\/\/blogs.correiobraziliense.com.br\/vicente\/wp-json\/wp\/v2\/posts"}],"about":[{"href":"https:\/\/blogs.correiobraziliense.com.br\/vicente\/wp-json\/wp\/v2\/types\/post"}],"author":[{"embeddable":true,"href":"https:\/\/blogs.correiobraziliense.com.br\/vicente\/wp-json\/wp\/v2\/users\/22"}],"replies":[{"embeddable":true,"href":"https:\/\/blogs.correiobraziliense.com.br\/vicente\/wp-json\/wp\/v2\/comments?post=18124"}],"version-history":[{"count":1,"href":"https:\/\/blogs.correiobraziliense.com.br\/vicente\/wp-json\/wp\/v2\/posts\/18124\/revisions"}],"predecessor-version":[{"id":18125,"href":"https:\/\/blogs.correiobraziliense.com.br\/vicente\/wp-json\/wp\/v2\/posts\/18124\/revisions\/18125"}],"wp:featuredmedia":[{"embeddable":true,"href":"https:\/\/blogs.correiobraziliense.com.br\/vicente\/wp-json\/wp\/v2\/media\/17516"}],"wp:attachment":[{"href":"https:\/\/blogs.correiobraziliense.com.br\/vicente\/wp-json\/wp\/v2\/media?parent=18124"}],"wp:term":[{"taxonomy":"category","embeddable":true,"href":"https:\/\/blogs.correiobraziliense.com.br\/vicente\/wp-json\/wp\/v2\/categories?post=18124"},{"taxonomy":"post_tag","embeddable":true,"href":"https:\/\/blogs.correiobraziliense.com.br\/vicente\/wp-json\/wp\/v2\/tags?post=18124"}],"curies":[{"name":"wp","href":"https:\/\/api.w.org\/{rel}","templated":true}]}}