{"id":18121,"date":"2021-04-04T10:21:18","date_gmt":"2021-04-04T13:21:18","guid":{"rendered":"https:\/\/blogs.correiobraziliense.com.br\/vicente\/?p=18121"},"modified":"2021-04-04T17:52:00","modified_gmt":"2021-04-04T20:52:00","slug":"em-tres-anos-telebras-acumula-prejuizos-de-r-5688-milhoes","status":"publish","type":"post","link":"https:\/\/blogs.correiobraziliense.com.br\/vicente\/em-tres-anos-telebras-acumula-prejuizos-de-r-5688-milhoes\/","title":{"rendered":"Em tr\u00eas anos, Telebras acumula preju\u00edzos de R$ 568,8 milh\u00f5es"},"content":{"rendered":"<h2>Totalmente dependente do Tesouro Nacional, a Telebras acumula preju\u00edzos de R$ 568,6 milh\u00f5es em tr\u00eas anos \u2014 2018, 2019 e 2020 \u2014 como mostra balan\u00e7o publicado pela empresa. N\u00e3o fosse o aporte de R$ 1,5 bilh\u00e3o feito pelo governo na companhia em 2020, ela sequer teria patrim\u00f4nio para ficar de p\u00e9. A Telebras foi ressuscitada nos governos petistas.<\/h2>\n<p>&nbsp;<\/p>\n<p>Em 2020, especificamente, a empresa registrou perdas de R$ 106,2 bilh\u00f5es. O n\u00famero representa redu\u00e7\u00e3o em rela\u00e7\u00e3o a 2019, quando os preju\u00edzos totalizaram R$ 237,5 milh\u00f5es. Essa melhora tem a ver com o aumento das receitas operacionais brutas, que passaram de R$ 264,5 milh\u00f5es, em 2019, para R$ 328,9 milh\u00f5es, no ano passado.<\/p>\n<p>&nbsp;<\/p>\n<p>Especialistas, no entanto, questionam a sustentabilidade da empresa, que tem um custo de pessoal crescente. Entre 2019 e 2020, a folha passou de R$ 80,9 milh\u00f5es para R$ 95,9 milh\u00f5es, devido \u00e0 recomposi\u00e7\u00e3o salarial pela infla\u00e7\u00e3o e a incorpora\u00e7\u00e3o de aumentos previstos em acordos coletivos anteriores.<\/p>\n<p>&nbsp;<\/p>\n<p><strong>Patrim\u00f4nio l\u00edquido em queda<\/strong><\/p>\n<p>&nbsp;<\/p>\n<p>\u00c9 importante ressaltar, ainda, segundo especialistas, que, por conta dos preju\u00edzos seguidos, mesmo com toda a inje\u00e7\u00e3o de recursos feita pelo Tesouro Nacional, o patrim\u00f4nio l\u00edquido da companhia voltou a cair. Recuou de R$ 1,646 bilh\u00e3o para R$ 1,553 bilh\u00e3o nos \u00faltimos dois anos.<\/p>\n<p>&nbsp;<\/p>\n<p>Nos demonstrativos financeiros encaminhados ao mercado, a Telebras classifica o ano de 2020 como &#8220;desafiador&#8221; e assegura que conseguiu cumprir &#8220;sua miss\u00e3o institucional&#8221; de ampliar o atendimento de internet \u00e0s comunidades mais remotas do pa\u00eds, nas quais n\u00e3o h\u00e1 nenhuma ou pouca conex\u00e3o. J\u00e1 s\u00e3o 13 mil pontos espalhados pelo pa\u00eds.<\/p>\n<p>&nbsp;<\/p>\n<p>O ministro da Economia, Paulo Guedes, na tentativa de enxugar o tamanho do Estado e de cumprir sua meta de faturar R$ 1 trilh\u00e3o com as privatiza\u00e7\u00f5es, incluiu a Telebras na lista de empresas a serem vendidas. Mas, assim como as promessas de Guedes ficaram no discurso, a companhia est\u00e1 cada vez mais distante do programa de desestatiza\u00e7\u00e3o.<\/p>\n<p>&nbsp;<\/p>\n<p><em>Bras\u00edlia, 10h21min<\/em><\/p>\n","protected":false},"excerpt":{"rendered":"<p>Totalmente dependente do Tesouro Nacional, a Telebras acumula preju\u00edzos de R$ 568,6 milh\u00f5es em tr\u00eas anos \u2014 2018, 2019 e 2020 \u2014 como mostra balan\u00e7o publicado pela empresa. N\u00e3o fosse o aporte de R$ 1,5 bilh\u00e3o feito pelo governo na companhia em 2020, ela sequer teria patrim\u00f4nio para ficar de p\u00e9. A Telebras foi ressuscitada [&hellip;]<\/p>\n","protected":false},"author":22,"featured_media":18122,"comment_status":"open","ping_status":"closed","sticky":false,"template":"","format":"standard","meta":{"footnotes":""},"categories":[600],"tags":[5334,589,5332,4943,4547,5333],"class_list":["post-18121","post","type-post","status-publish","format-standard","has-post-thumbnail","hentry","category-economia","tag-8-milhoes","tag-economia","tag-em-tres-anos","tag-financas","tag-negocios","tag-telebras-acumula-prejuizos-de-r-568"],"_links":{"self":[{"href":"https:\/\/blogs.correiobraziliense.com.br\/vicente\/wp-json\/wp\/v2\/posts\/18121","targetHints":{"allow":["GET"]}}],"collection":[{"href":"https:\/\/blogs.correiobraziliense.com.br\/vicente\/wp-json\/wp\/v2\/posts"}],"about":[{"href":"https:\/\/blogs.correiobraziliense.com.br\/vicente\/wp-json\/wp\/v2\/types\/post"}],"author":[{"embeddable":true,"href":"https:\/\/blogs.correiobraziliense.com.br\/vicente\/wp-json\/wp\/v2\/users\/22"}],"replies":[{"embeddable":true,"href":"https:\/\/blogs.correiobraziliense.com.br\/vicente\/wp-json\/wp\/v2\/comments?post=18121"}],"version-history":[{"count":1,"href":"https:\/\/blogs.correiobraziliense.com.br\/vicente\/wp-json\/wp\/v2\/posts\/18121\/revisions"}],"predecessor-version":[{"id":18123,"href":"https:\/\/blogs.correiobraziliense.com.br\/vicente\/wp-json\/wp\/v2\/posts\/18121\/revisions\/18123"}],"wp:featuredmedia":[{"embeddable":true,"href":"https:\/\/blogs.correiobraziliense.com.br\/vicente\/wp-json\/wp\/v2\/media\/18122"}],"wp:attachment":[{"href":"https:\/\/blogs.correiobraziliense.com.br\/vicente\/wp-json\/wp\/v2\/media?parent=18121"}],"wp:term":[{"taxonomy":"category","embeddable":true,"href":"https:\/\/blogs.correiobraziliense.com.br\/vicente\/wp-json\/wp\/v2\/categories?post=18121"},{"taxonomy":"post_tag","embeddable":true,"href":"https:\/\/blogs.correiobraziliense.com.br\/vicente\/wp-json\/wp\/v2\/tags?post=18121"}],"curies":[{"name":"wp","href":"https:\/\/api.w.org\/{rel}","templated":true}]}}