{"id":18100,"date":"2021-04-03T18:55:04","date_gmt":"2021-04-03T21:55:04","guid":{"rendered":"https:\/\/blogs.correiobraziliense.com.br\/vicente\/?p=18100"},"modified":"2021-04-03T23:07:34","modified_gmt":"2021-04-04T02:07:34","slug":"flavia-arruda-diz-que-ha-acordo-politico-sobre-orcamento-cortes-podem-chegar-a-r-15-bi","status":"publish","type":"post","link":"https:\/\/blogs.correiobraziliense.com.br\/vicente\/flavia-arruda-diz-que-ha-acordo-politico-sobre-orcamento-cortes-podem-chegar-a-r-15-bi\/","title":{"rendered":"Fl\u00e1via Arruda diz que h\u00e1 acordo pol\u00edtico sobre Or\u00e7amento. Cortes podem chegar a R$ 15 bi"},"content":{"rendered":"<h2>A ministra da Secretaria de Governo da Presid\u00eancia da Rep\u00fablica, Fl\u00e1via Arruda, assegura que foram fechadas todas as condi\u00e7\u00f5es pol\u00edticas e econ\u00f4micas para que o governo promova cortes no Or\u00e7amento de 2021. A perspectiva \u00e9 de que a tesoura atinja R$ 15 bilh\u00f5es. Isso, al\u00e9m dos R$ 10 bilh\u00f5es que o relator do Or\u00e7amento, senador M\u00e1rcio Bittar, se comprometeu em reduzir das emendas parlamentares.<\/h2>\n<p>&nbsp;<\/p>\n<p>A ministra coordenou as reuni\u00f5es entre as \u00e1reas pol\u00edticas e econ\u00f4micas que levaram ao entendimento pelos cortes, que vinham sendo exigidos pelo Tribunal de Contas da Uni\u00e3o (TCU) para evitar crime de responsabilidade fiscal por parte do governo. Segundo ela, o Congresso aceitou dar uma cota de sacrif\u00edcio maior e a equipe econ\u00f4mica, ser menos rigorosa.<\/p>\n<p>&nbsp;<\/p>\n<p>O n\u00famero final dos cortes no Or\u00e7amento \u2014 j\u00e1 se falou em R$ 13 bilh\u00f5es e R$ 18 bilh\u00f5es \u2014 ser\u00e1 definido ao longo da pr\u00f3xima semana, quando ser\u00e3o avaliadas todas as rubricas nas quais poder\u00e3o ser passada a tesoura. O governo est\u00e1 ciente de que, se sancionar o Or\u00e7amento como ele saiu do Congresso, o presidente Jair Bolsonaro ficar\u00e1 vulner\u00e1vel \u00e0 acusa\u00e7\u00e3o de crise fiscal, um passo para o impeachment.<\/p>\n<p>&nbsp;<\/p>\n<p>Na avalia\u00e7\u00e3o de Fl\u00e1via Arruda, o passo mais importante foi dado: o acordo pol\u00edtico para os cortes. Agora, \u00e9 ter serenidade nas discuss\u00f5es, para que tudo seja feito dentro da lei. Esse entendimento est\u00e1 claro na ala pol\u00edtica e entre os t\u00e9cnicos liderados pelo ministro da Economia, Paulo Guedes.<\/p>\n<p>&nbsp;<\/p>\n<p>A \u00e1rea econ\u00f4mica j\u00e1 havia sugerido uma s\u00e9rie de vetos ao presidente Bolsonaro na hora de sancionar o Or\u00e7amento. Mas houve uma gritaria por parte do Congresso. At\u00e9 ent\u00e3o, o \u00fanico aceno na tentativa de corrigir as distor\u00e7\u00f5es na pe\u00e7a or\u00e7ament\u00e1ria havia vindo justamente daquele que \u00e9 apontado como o maior respons\u00e1vel pela obra de fic\u00e7\u00e3o que saiu do Legislativo, o senador Bittar.<\/p>\n<p>&nbsp;<\/p>\n<p>Entre os economistas, a gritaria \u00e9 geral. Eles dizem que, com o Or\u00e7amento aprovado pelo Congresso, o Brasil caminhar\u00e1 mais rapidamente para o precip\u00edcio, pois o teto de gastos e a regra de ouro, que s\u00e3o as \u00faltimas barreiras \u00e0 derrocada fiscal, ir\u00e3o pelos ares. Fl\u00e1via Arruda acredita que esse risco n\u00e3o exite mais.<\/p>\n<p>&nbsp;<\/p>\n<p><em>Bras\u00edlia, 18h55min<\/em><\/p>\n","protected":false},"excerpt":{"rendered":"<p>A ministra da Secretaria de Governo da Presid\u00eancia da Rep\u00fablica, Fl\u00e1via Arruda, assegura que foram fechadas todas as condi\u00e7\u00f5es pol\u00edticas e econ\u00f4micas para que o governo promova cortes no Or\u00e7amento de 2021. A perspectiva \u00e9 de que a tesoura atinja R$ 15 bilh\u00f5es. Isso, al\u00e9m dos R$ 10 bilh\u00f5es que o relator do Or\u00e7amento, senador [&hellip;]<\/p>\n","protected":false},"author":22,"featured_media":18103,"comment_status":"open","ping_status":"closed","sticky":false,"template":"","format":"standard","meta":{"footnotes":""},"categories":[600],"tags":[589,5330,2526,2787],"class_list":["post-18100","post","type-post","status-publish","format-standard","has-post-thumbnail","hentry","category-economia","tag-economia","tag-flavia-arruda-diz-que-ha-acordo-para-cortes-de-r-15-bi-do-orcamento","tag-poder","tag-politica"],"_links":{"self":[{"href":"https:\/\/blogs.correiobraziliense.com.br\/vicente\/wp-json\/wp\/v2\/posts\/18100","targetHints":{"allow":["GET"]}}],"collection":[{"href":"https:\/\/blogs.correiobraziliense.com.br\/vicente\/wp-json\/wp\/v2\/posts"}],"about":[{"href":"https:\/\/blogs.correiobraziliense.com.br\/vicente\/wp-json\/wp\/v2\/types\/post"}],"author":[{"embeddable":true,"href":"https:\/\/blogs.correiobraziliense.com.br\/vicente\/wp-json\/wp\/v2\/users\/22"}],"replies":[{"embeddable":true,"href":"https:\/\/blogs.correiobraziliense.com.br\/vicente\/wp-json\/wp\/v2\/comments?post=18100"}],"version-history":[{"count":3,"href":"https:\/\/blogs.correiobraziliense.com.br\/vicente\/wp-json\/wp\/v2\/posts\/18100\/revisions"}],"predecessor-version":[{"id":18118,"href":"https:\/\/blogs.correiobraziliense.com.br\/vicente\/wp-json\/wp\/v2\/posts\/18100\/revisions\/18118"}],"wp:featuredmedia":[{"embeddable":true,"href":"https:\/\/blogs.correiobraziliense.com.br\/vicente\/wp-json\/wp\/v2\/media\/18103"}],"wp:attachment":[{"href":"https:\/\/blogs.correiobraziliense.com.br\/vicente\/wp-json\/wp\/v2\/media?parent=18100"}],"wp:term":[{"taxonomy":"category","embeddable":true,"href":"https:\/\/blogs.correiobraziliense.com.br\/vicente\/wp-json\/wp\/v2\/categories?post=18100"},{"taxonomy":"post_tag","embeddable":true,"href":"https:\/\/blogs.correiobraziliense.com.br\/vicente\/wp-json\/wp\/v2\/tags?post=18100"}],"curies":[{"name":"wp","href":"https:\/\/api.w.org\/{rel}","templated":true}]}}