{"id":18091,"date":"2021-04-02T16:17:24","date_gmt":"2021-04-02T19:17:24","guid":{"rendered":"https:\/\/blogs.correiobraziliense.com.br\/vicente\/?p=18091"},"modified":"2021-04-02T17:40:52","modified_gmt":"2021-04-02T20:40:52","slug":"numero-diario-de-enterros-no-distrito-federal-quadruplica-em-um-mes","status":"publish","type":"post","link":"https:\/\/blogs.correiobraziliense.com.br\/vicente\/numero-diario-de-enterros-no-distrito-federal-quadruplica-em-um-mes\/","title":{"rendered":"N\u00famero di\u00e1rio de enterros no Distrito Federal quadruplica em um m\u00eas"},"content":{"rendered":"<h2>Quem se der ao trabalho de acompanhar as listas de enterros publicadas, diariamente, pelos cemit\u00e9rios do Distrito Federal levar\u00e1 um susto. At\u00e9 o in\u00edcio de mar\u00e7o de 2021, o total de vel\u00f3rios, incluindo de crema\u00e7\u00f5es, variava entre 25 e 30 por dia. Agora, tem ficado entre 100 e 120. Nunca se viu n\u00fameros t\u00e3o elevados.<\/h2>\n<p>&nbsp;<\/p>\n<p>A lista inclui os cemit\u00e9rios do Campo da Esperan\u00e7a, de Taguatinga, do Gama, de Planaltina, de Brazl\u00e2ndia, de Sobradinho e de Valpara\u00edso (Jardim Metropolitano), onde h\u00e1 crema\u00e7\u00f5es.<\/p>\n<p>&nbsp;<\/p>\n<p>O forte aumento do n\u00famero de enterros coincide com a disparada de casos e mortes por covid-19 na capital do pa\u00eds. Nos \u00faltimos dias, o Distrito Federal vem liderando o ranking de aumento de \u00f3bitos no pa\u00eds pelo novo coronav\u00edrus.<\/p>\n<p>&nbsp;<\/p>\n<p>A situa\u00e7\u00e3o \u00e9 t\u00e3o grave que muitas pessoas est\u00e3o morrendo \u00e0 espera de um leito de UTI, algumas em casa, sem qualquer chance de tratamento. A maior parte dos hospitais do DF est\u00e1 com 100% das UTIs ocupadas.<\/p>\n<p>&nbsp;<\/p>\n<p><em>Bras\u00edlia, 16h17min<\/em><\/p>\n","protected":false},"excerpt":{"rendered":"<p>Quem se der ao trabalho de acompanhar as listas de enterros publicadas, diariamente, pelos cemit\u00e9rios do Distrito Federal levar\u00e1 um susto. At\u00e9 o in\u00edcio de mar\u00e7o de 2021, o total de vel\u00f3rios, incluindo de crema\u00e7\u00f5es, variava entre 25 e 30 por dia. Agora, tem ficado entre 100 e 120. Nunca se viu n\u00fameros t\u00e3o elevados. [&hellip;]<\/p>\n","protected":false},"author":22,"featured_media":18092,"comment_status":"open","ping_status":"closed","sticky":false,"template":"","format":"standard","meta":{"footnotes":""},"categories":[600],"tags":[926,5327,3769,5328],"class_list":["post-18091","post","type-post","status-publish","format-standard","has-post-thumbnail","hentry","category-economia","tag-brasilia","tag-capital","tag-cidades","tag-numero-diario-de-enterros-no-distrito-federal-quadruplica-em-um-mes"],"_links":{"self":[{"href":"https:\/\/blogs.correiobraziliense.com.br\/vicente\/wp-json\/wp\/v2\/posts\/18091","targetHints":{"allow":["GET"]}}],"collection":[{"href":"https:\/\/blogs.correiobraziliense.com.br\/vicente\/wp-json\/wp\/v2\/posts"}],"about":[{"href":"https:\/\/blogs.correiobraziliense.com.br\/vicente\/wp-json\/wp\/v2\/types\/post"}],"author":[{"embeddable":true,"href":"https:\/\/blogs.correiobraziliense.com.br\/vicente\/wp-json\/wp\/v2\/users\/22"}],"replies":[{"embeddable":true,"href":"https:\/\/blogs.correiobraziliense.com.br\/vicente\/wp-json\/wp\/v2\/comments?post=18091"}],"version-history":[{"count":1,"href":"https:\/\/blogs.correiobraziliense.com.br\/vicente\/wp-json\/wp\/v2\/posts\/18091\/revisions"}],"predecessor-version":[{"id":18093,"href":"https:\/\/blogs.correiobraziliense.com.br\/vicente\/wp-json\/wp\/v2\/posts\/18091\/revisions\/18093"}],"wp:featuredmedia":[{"embeddable":true,"href":"https:\/\/blogs.correiobraziliense.com.br\/vicente\/wp-json\/wp\/v2\/media\/18092"}],"wp:attachment":[{"href":"https:\/\/blogs.correiobraziliense.com.br\/vicente\/wp-json\/wp\/v2\/media?parent=18091"}],"wp:term":[{"taxonomy":"category","embeddable":true,"href":"https:\/\/blogs.correiobraziliense.com.br\/vicente\/wp-json\/wp\/v2\/categories?post=18091"},{"taxonomy":"post_tag","embeddable":true,"href":"https:\/\/blogs.correiobraziliense.com.br\/vicente\/wp-json\/wp\/v2\/tags?post=18091"}],"curies":[{"name":"wp","href":"https:\/\/api.w.org\/{rel}","templated":true}]}}