{"id":18076,"date":"2021-04-01T22:23:55","date_gmt":"2021-04-02T01:23:55","guid":{"rendered":"https:\/\/blogs.correiobraziliense.com.br\/vicente\/?p=18076"},"modified":"2021-04-01T22:32:01","modified_gmt":"2021-04-02T01:32:01","slug":"bolsonaro-nomeia-novo-presidente-do-banco-do-brasil","status":"publish","type":"post","link":"https:\/\/blogs.correiobraziliense.com.br\/vicente\/bolsonaro-nomeia-novo-presidente-do-banco-do-brasil\/","title":{"rendered":"Bolsonaro nomeia novo presidente do Banco do Brasil"},"content":{"rendered":"<h2>ROSANA HESSEL<\/h2>\n<h2><\/h2>\n<h2>O presidente Jair Bolsonaro nomeou por meio de decreto pulicado em edi\u00e7\u00e3o extra do <em>Di\u00e1rio Oficial da Uni\u00e3o (DOU)<\/em> publicada na noite desta quinta-feira (01\/04), Fausto Andrade Ribeiro, para o cargo de novo presidente do Banco do Brasil.<\/h2>\n<h2><\/h2>\n<p>Conforme o decreto, o nome de Ribeiro foi aprovado na Assembleia Geral Extraordin\u00e1ria realizada no dia 30 de mar\u00e7o para substituir Andr\u00e9 Brand\u00e3o, que deixou o cargo no \u00faltimo dia 31.<\/p>\n<p>&nbsp;<\/p>\n<p>No mesmo decreto, o chefe do Executivo exonerou, a pedido, Andr\u00e9 Brand\u00e3o.<\/p>\n<p>&nbsp;<\/p>\n<p>A nomea\u00e7\u00e3o sai poucas horas depois <a href=\"https:\/\/blogs.correiobraziliense.com.br\/vicente\/dois-conselheiros-do-banco-do-brasil-entregam-carta-de-renuncia\/\">da ren\u00fancia de dois conselheiros independentes, incluindo o presidente do Conselho de Administra\u00e7\u00e3o, H\u00e9lio Magalh\u00e3es<\/a>. Quatro conselheiros criticaram a nomea\u00e7\u00e3o e afirmaram que Ribeiro era despreparado para o cargo..<\/p>\n<p>&nbsp;<\/p>\n<p>Em fato relevante ao mercado, logo ap\u00f3s o decerto, o BB destacou o curr\u00edculo do novo presidente. Veja a \u00edntegra abaixo.<\/p>\n<p>&nbsp;<\/p>\n<p><strong>FATO RELEVANTE<\/strong><\/p>\n<p>&nbsp;<\/p>\n<p><em>Em conformidade com o \u00a7 4\u00ba do art. 157 da Lei n\u00ba 6.404, de 15 de dezembro de 1976, e com a\u00a0<\/em><em>Instru\u00e7\u00e3o CVM n\u00ba 358, de 03 de janeiro de 2002, o Banco do Brasil (BB) comunica que o Exmo.\u00a0<\/em><em>Sr. Presidente da Rep\u00fablica, Jair Messias Bolsonaro, em conformidade com o Art. 24, Inciso I,\u00a0<\/em><em>do Estatuto Social do Banco do Brasil S.A., nomeou, por meio de Decreto de 01\/04\/2021,\u00a0<\/em><em>publicado no D.O.U. na Edi\u00e7\u00e3o: 61-C, se\u00e7\u00e3o:2 \u2013 Extra C, p\u00e1gina 1, o Sr. Fausto de Andrade\u00a0<\/em><em>Ribeiro para ocupar o cargo de Presidente do Banco do Brasil S.A..\u00a0<\/em><\/p>\n<p>&nbsp;<\/p>\n<p><em>Fausto de Andrade Ribeiro, 53 anos, \u00e9 graduado em Administra\u00e7\u00e3o de Empresas pela\u00a0<\/em><em>Faculdade Cat\u00f3lica de Bras\u00edlia e em Direito pela Universidade CEUB \u2013 DF. Possui\u00a0<\/em><em>especializa\u00e7\u00e3o em Finan\u00e7as Internacionais e MBA Executivo em Finan\u00e7as, ambos pelo IBMEC,\u00a0<\/em><em>al\u00e9m de especializa\u00e7\u00e3o em Economia pelo Programa Minerva na George Washington\u00a0<\/em><em>University. \u00c9 funcion\u00e1rio do Banco do Brasil desde 1988. Ocupava o cargo de Diretor Presidente\u00a0<\/em><em>na BB Cons\u00f3rcios desde setembro\/2020. Antes, foi Gerente Executivo da Diretoria de\u00a0<\/em><em>Contadoria em 2019 e da Unidade de Canais, de 2016 a 2019. Exerceu ainda a fun\u00e7\u00e3o de\u00a0<\/em><em>Diretor Geral da unidade do Banco do Brasil na Espanha entre 2013 e 2016 e representou o\u00a0<\/em><em>BB no Comit\u00ea de Transi\u00e7\u00e3o junto \u00e0 Diretoria do Banco Patag\u00f4nia, em Buenos Aires (Argentina)\u00a0<\/em><em>em 2010. Entre 2000 e 2010 foi Gerente Executivo na Diretoria de Controles Internos, quando\u00a0<\/em><em>coordenou o Projeto de Adequa\u00e7\u00e3o do Banco \u00e0s exig\u00eancias da Legisla\u00e7\u00e3o Americana\u00a0<\/em><em>Sarbanes-Oxley, entre os anos de 2008 e 2010.<\/em><\/p>\n<p>&nbsp;<\/p>\n<p><em>Bras\u00edlia (DF), 01 de abril de 2021.<\/em><br \/>\n<em>Carlos Jos\u00e9 da Costa Andr\u00e9<\/em><br \/>\n<em>Vice-Presidente de Gest\u00e3o Financeira e de Rela\u00e7\u00f5es com Investidores<\/em><\/p>\n<p>&nbsp;<\/p>\n","protected":false},"excerpt":{"rendered":"<p>ROSANA HESSEL O presidente Jair Bolsonaro nomeou por meio de decreto pulicado em edi\u00e7\u00e3o extra do Di\u00e1rio Oficial da Uni\u00e3o (DOU) publicada na noite desta quinta-feira (01\/04), Fausto Andrade Ribeiro, para o cargo de novo presidente do Banco do Brasil. Conforme o decreto, o nome de Ribeiro foi aprovado na Assembleia Geral Extraordin\u00e1ria realizada no [&hellip;]<\/p>\n","protected":false},"author":22,"featured_media":11442,"comment_status":"open","ping_status":"closed","sticky":false,"template":"","format":"standard","meta":{"footnotes":""},"categories":[600],"tags":[4789,229,2554,2371,5326,3032],"class_list":["post-18076","post","type-post","status-publish","format-standard","has-post-thumbnail","hentry","category-economia","tag-andre-brandao","tag-banco-do-brasil","tag-bolsonaro","tag-decreto","tag-fausto-ribeiro","tag-nomeacao"],"_links":{"self":[{"href":"https:\/\/blogs.correiobraziliense.com.br\/vicente\/wp-json\/wp\/v2\/posts\/18076","targetHints":{"allow":["GET"]}}],"collection":[{"href":"https:\/\/blogs.correiobraziliense.com.br\/vicente\/wp-json\/wp\/v2\/posts"}],"about":[{"href":"https:\/\/blogs.correiobraziliense.com.br\/vicente\/wp-json\/wp\/v2\/types\/post"}],"author":[{"embeddable":true,"href":"https:\/\/blogs.correiobraziliense.com.br\/vicente\/wp-json\/wp\/v2\/users\/22"}],"replies":[{"embeddable":true,"href":"https:\/\/blogs.correiobraziliense.com.br\/vicente\/wp-json\/wp\/v2\/comments?post=18076"}],"version-history":[{"count":9,"href":"https:\/\/blogs.correiobraziliense.com.br\/vicente\/wp-json\/wp\/v2\/posts\/18076\/revisions"}],"predecessor-version":[{"id":18085,"href":"https:\/\/blogs.correiobraziliense.com.br\/vicente\/wp-json\/wp\/v2\/posts\/18076\/revisions\/18085"}],"wp:featuredmedia":[{"embeddable":true,"href":"https:\/\/blogs.correiobraziliense.com.br\/vicente\/wp-json\/wp\/v2\/media\/11442"}],"wp:attachment":[{"href":"https:\/\/blogs.correiobraziliense.com.br\/vicente\/wp-json\/wp\/v2\/media?parent=18076"}],"wp:term":[{"taxonomy":"category","embeddable":true,"href":"https:\/\/blogs.correiobraziliense.com.br\/vicente\/wp-json\/wp\/v2\/categories?post=18076"},{"taxonomy":"post_tag","embeddable":true,"href":"https:\/\/blogs.correiobraziliense.com.br\/vicente\/wp-json\/wp\/v2\/tags?post=18076"}],"curies":[{"name":"wp","href":"https:\/\/api.w.org\/{rel}","templated":true}]}}