{"id":18064,"date":"2021-04-01T18:58:53","date_gmt":"2021-04-01T21:58:53","guid":{"rendered":"https:\/\/blogs.correiobraziliense.com.br\/vicente\/?p=18064"},"modified":"2021-04-01T23:17:29","modified_gmt":"2021-04-02T02:17:29","slug":"dois-conselheiros-do-banco-do-brasil-entregam-carta-de-renuncia","status":"publish","type":"post","link":"https:\/\/blogs.correiobraziliense.com.br\/vicente\/dois-conselheiros-do-banco-do-brasil-entregam-carta-de-renuncia\/","title":{"rendered":"Dois conselheiros do Banco do Brasil entregam carta de ren\u00fancia"},"content":{"rendered":"<p>ROSANA HESSEL<\/p>\n<p>&nbsp;<\/p>\n<p><span style=\"font-weight: 400\">O presidente do Conselho de Administra\u00e7\u00e3o do Banco do Brasil, H\u00e9lio Magalh\u00e3es, e o conselheiro independente Jos\u00e9 Guimar\u00e3es Monforte, entregaram a carta de ren\u00fancia nesta quinta-feira (01\/04). Ambos estavam na lista dos conselheiros que n\u00e3o seriam reeleitos na pr\u00f3xima assembleia de acionistas, marcada para o pr\u00f3ximo dia 28, e resolveram n\u00e3o esperar o fim do mandato.\u00a0<\/span><\/p>\n<p>&nbsp;<\/p>\n<p>Conforme comunicado ao mercado assinado pelo gerente geral de Rela\u00e7\u00f5es com Investidores, Daniel Alves Maria, a ren\u00fancia dos dois conselheiros tem efeito a partir de sexta-feira (02\/04).<\/p>\n<p>&nbsp;<\/p>\n<p>O conselho do BB \u00e9 composto por oito integrantes e as ren\u00fancias de Magalh\u00e3es e Monforte, que foi indicado pelo Minist\u00e9rio da Economia, ocorre um dia ap\u00f3s o fim do mandato de Andr\u00e9 Brand\u00e3o, que tamb\u00e9m tinha assento no colegiado.<\/p>\n<p>&nbsp;<\/p>\n<p>Outros dois conselheiros, Luiz Serafim Spinola Santos e Paulo Roberto Evangelista, criticaram junto com Magalh\u00e3es e Monforte a escolha do presidente Jair Bolsonaro para o substituto de Brand\u00e3o: Fausto Ribeiro, que, apesar de ser funcion\u00e1rio de carreira da institui\u00e7\u00e3o, n\u00e3o teve o aval do Conselho e a expectativa era que o Pal\u00e1cio do Planalto publicasse a nomea\u00e7\u00e3o ainda hoje\u00a0 em edi\u00e7\u00e3o extra do <em>Di\u00e1rio Oficial da Uni\u00e3o<\/em>.\u00a0 <a href=\"https:\/\/blogs.correiobraziliense.com.br\/vicente\/conselheiros-classificam-novo-presidente-do-banco-do-brasil-de-despreparado-para-o-cargo\/\">Segundo eles,\u00a0 Ribeiro \u00e9 desqualificado para o cargo.\u00a0\u00a0<\/a><\/p>\n<p>&nbsp;<\/p>\n<p><strong>Interfer\u00eancias<\/strong><\/p>\n<p>&nbsp;<\/p>\n<p><span style=\"font-weight: 400\">Na carta de ren\u00fancia, H\u00e9lio Magalh\u00e3es n\u00e3o poupou cr\u00edticas \u00e0s interfer\u00eancias do governo no BB e apontou \u201cv\u00e1rias tentativas de desrespeito \u00e0 governan\u00e7a corporativa\u201d, citando como exemplo interfer\u00eancias na execu\u00e7\u00e3o do plano de efici\u00eancia da companhia aprovado pelo Conselho. <\/span><\/p>\n<p>&nbsp;<\/p>\n<p><span style=\"font-weight: 400\">O conselheiro fez quest\u00e3o de afirmar que, mesmo se o controlador sinalizasse que ele seria reconduzido \u00e0 presid\u00eancia do Conselho, n\u00e3o mudaria de decis\u00e3o, pois ela \u00e9 resultado do \u201creiterado descaso com que o acionista minorit\u00e1rio vem tratando n\u00e3o apenas a institui\u00e7\u00e3o, mas tamb\u00e9m outras importantes estatais de capital aberto e seus principais administradores\u201d. Ele alegou que, quando assumiu o cargo, tinha o compromisso de elevar o padr\u00e3o de governan\u00e7a e melhorar a efici\u00eancia do banco, contudo, percebeu que essa n\u00e3o s\u00e3o mais as prioridades do acionista controlador.\u00a0\u00a0<\/span><\/p>\n<p><span style=\"font-weight: 400\">\u00a0<\/span><\/p>\n<p><span style=\"font-weight: 400\">No fim do documento, Magalh\u00e3es escreveu que deixa o BB com pesar, \u201cmas convicto de ter tomado a decis\u00e3o mais acertada no momento\u201d.<\/span><\/p>\n<p>&nbsp;<\/p>\n","protected":false},"excerpt":{"rendered":"<p>ROSANA HESSEL &nbsp; O presidente do Conselho de Administra\u00e7\u00e3o do Banco do Brasil, H\u00e9lio Magalh\u00e3es, e o conselheiro independente Jos\u00e9 Guimar\u00e3es Monforte, entregaram a carta de ren\u00fancia nesta quinta-feira (01\/04). Ambos estavam na lista dos conselheiros que n\u00e3o seriam reeleitos na pr\u00f3xima assembleia de acionistas, marcada para o pr\u00f3ximo dia 28, e resolveram n\u00e3o esperar [&hellip;]<\/p>\n","protected":false},"author":22,"featured_media":11442,"comment_status":"open","ping_status":"closed","sticky":false,"template":"","format":"standard","meta":{"footnotes":""},"categories":[600],"tags":[4789,229,2554,3815,5326,590],"class_list":["post-18064","post","type-post","status-publish","format-standard","has-post-thumbnail","hentry","category-economia","tag-andre-brandao","tag-banco-do-brasil","tag-bolsonaro","tag-conselho","tag-fausto-ribeiro","tag-renuncia"],"_links":{"self":[{"href":"https:\/\/blogs.correiobraziliense.com.br\/vicente\/wp-json\/wp\/v2\/posts\/18064","targetHints":{"allow":["GET"]}}],"collection":[{"href":"https:\/\/blogs.correiobraziliense.com.br\/vicente\/wp-json\/wp\/v2\/posts"}],"about":[{"href":"https:\/\/blogs.correiobraziliense.com.br\/vicente\/wp-json\/wp\/v2\/types\/post"}],"author":[{"embeddable":true,"href":"https:\/\/blogs.correiobraziliense.com.br\/vicente\/wp-json\/wp\/v2\/users\/22"}],"replies":[{"embeddable":true,"href":"https:\/\/blogs.correiobraziliense.com.br\/vicente\/wp-json\/wp\/v2\/comments?post=18064"}],"version-history":[{"count":11,"href":"https:\/\/blogs.correiobraziliense.com.br\/vicente\/wp-json\/wp\/v2\/posts\/18064\/revisions"}],"predecessor-version":[{"id":18088,"href":"https:\/\/blogs.correiobraziliense.com.br\/vicente\/wp-json\/wp\/v2\/posts\/18064\/revisions\/18088"}],"wp:featuredmedia":[{"embeddable":true,"href":"https:\/\/blogs.correiobraziliense.com.br\/vicente\/wp-json\/wp\/v2\/media\/11442"}],"wp:attachment":[{"href":"https:\/\/blogs.correiobraziliense.com.br\/vicente\/wp-json\/wp\/v2\/media?parent=18064"}],"wp:term":[{"taxonomy":"category","embeddable":true,"href":"https:\/\/blogs.correiobraziliense.com.br\/vicente\/wp-json\/wp\/v2\/categories?post=18064"},{"taxonomy":"post_tag","embeddable":true,"href":"https:\/\/blogs.correiobraziliense.com.br\/vicente\/wp-json\/wp\/v2\/tags?post=18064"}],"curies":[{"name":"wp","href":"https:\/\/api.w.org\/{rel}","templated":true}]}}