{"id":18048,"date":"2021-04-01T09:34:42","date_gmt":"2021-04-01T12:34:42","guid":{"rendered":"https:\/\/blogs.correiobraziliense.com.br\/vicente\/?p=18048"},"modified":"2021-04-01T11:14:52","modified_gmt":"2021-04-01T14:14:52","slug":"conselheiros-classificam-novo-presidente-do-banco-do-brasil-de-despreparado-para-o-cargo","status":"publish","type":"post","link":"https:\/\/blogs.correiobraziliense.com.br\/vicente\/conselheiros-classificam-novo-presidente-do-banco-do-brasil-de-despreparado-para-o-cargo\/","title":{"rendered":"Conselheiros classificam presidente do Banco do Brasil de despreparado para o cargo"},"content":{"rendered":"<h2>Quatro integrantes do Conselho de Administra\u00e7\u00e3o do Banco do Brasil, que n\u00e3o devem ser reconduzidos aos cargos, atiraram pesado sobre Fausto Ribeiro, indicado pelo presidente Jair Bolsonaro para comandar a institui\u00e7\u00e3o no lugar de Andr\u00e9 Brand\u00e3o, que deixou a presid\u00eancia do BB quarta-feira (31\/03).<\/h2>\n<p>&nbsp;<\/p>\n<p>H\u00e9lio Magalh\u00e3es, presidente do Conselho de Administra\u00e7\u00e3o, Jos\u00e9 Guimar\u00e3es Monforte, Luiz Serafim Spinola Santos e Paulo Roberto Evangelista de Lima se manifestaram depois de uma reuni\u00e3o extraordin\u00e1ria na qual criticam o processo de escolha do presidente do Banco do Brasil. Para eles \u2014 Magalh\u00e3es e Monforte foram indicados pela Uni\u00e3o e Spinola e Lima, pelos acionistas minorit\u00e1rios \u2014, a escolha do presidente do BB n\u00e3o pode ficar restrita ao presidente da Rep\u00fablica, deve ter o aval do Conselho.<\/p>\n<p>&nbsp;<\/p>\n<p>Esta foi a terceira vez que os representantes do Conselho se manifestaram publicamente contra o processo de mudan\u00e7a na presid\u00eancia do Banco do Brasil. E n\u00e3o pouparam Fausto Ribeiro, que deve ser nomeado oficialmente nesta quinta-feira (01\/04) por meio de decreto presidencial a ser publicado em edi\u00e7\u00e3o extra do <em>Di\u00e1rio Oficial da Uni\u00e3o<\/em>. Os conselheiros n\u00e3o poupam cr\u00edticas a Ribeiro, o qual classificam como despreparado para o cargo.<\/p>\n<p>&nbsp;<\/p>\n<p>Para os conselheiros, Ribeiro &#8220;n\u00e3o percorreu ainda todas as etapas de fun\u00e7\u00f5es gerenciais&#8221; desej\u00e1veis para comandar a maior institui\u00e7\u00e3o financeira do pa\u00eds.\u00a0&#8220;Ao trazer \u00e0 baila a Pol\u00edtica de Indica\u00e7\u00e3o e Sucess\u00e3o, observa-se que o ora indicado, sem qualquer dem\u00e9rito ao profissional e \u00e0 sua carreira de 33 anos no BB, n\u00e3o percorreu ainda todas as etapas de fun\u00e7\u00f5es gerenciais, o que n\u00e3o significa dizer que, ao vir a faz\u00ea-lo, n\u00e3o poderia se colocar em n\u00edvel de prontid\u00e3o para assun\u00e7\u00e3o de novos desafios futuros&#8221;, dizem.<\/p>\n<p>&nbsp;<\/p>\n<p>E v\u00e3o al\u00e9m: &#8220;Ferramentas para tanto existem, a exemplo do Programa Dirigentes, criado a partir de metodologia da consultoria global Korn Ferry, e que tem por objeto a identifica\u00e7\u00e3o do n\u00edvel de prontid\u00e3o e prepara\u00e7\u00e3o dos talentos da organiza\u00e7\u00e3o para o adequado planejamento sucess\u00f3rio para a alta lideran\u00e7a do Banco do Brasil, as quais poderiam ter sido chamadas a contribuir em momentos como esse de sucess\u00e3o da Presid\u00eancia da institui\u00e7\u00e3o.&#8221;<\/p>\n<p>&nbsp;<\/p>\n<p>Ribeiro est\u00e1 sendo al\u00e7ado \u00e0 presid\u00eancia do Banco do Brasil depois de comandar a BB Cons\u00f3rcios. Ele j\u00e1 avisou \u00e0s pessoas mais pr\u00f3ximas que far\u00e1 profundas mudan\u00e7as no comando da institui\u00e7\u00e3o, que ficar\u00e1 mais alinhada aos planos de governo. Com isso, ser\u00e3o enterradas iniciativas como a privatiza\u00e7\u00e3o do BB e a de venda de ativos, como a BB DTVM, projetos defendidos pelos atuais integrantes do Conselho de Administra\u00e7\u00e3o.<\/p>\n<p>&nbsp;<\/p>\n<p>As cr\u00edticas dos conselheiros, que repercutiram mal dentro do Banco do Brasil, constam de ata de reuni\u00e3o extraordin\u00e1ria realizada na noite de quarta-feira (31\/03), depois de o Comit\u00ea de Pessoas, Remunera\u00e7\u00e3o e Elegibilidade do banco ter assinalado que Fausto Ribeiro atende os requisitos necess\u00e1rios para assumir a presid\u00eancia do BB.<\/p>\n<p>&nbsp;<\/p>\n<p>Para os conselheiros que tentam desqualificar Ribeiro, ainda que a escolha do presidente do Banco do Brasil seja uma atribui\u00e7\u00e3o do presidente da Rep\u00fablica, \u00e9 preciso destacar que h\u00e1 &#8220;legisla\u00e7\u00e3o e interpreta\u00e7\u00f5es mais avan\u00e7adas para o tema, cuja aplica\u00e7\u00e3o, em n\u00e3o sendo poss\u00edvel no caso concreto, deve, contudo, ser perseguida pelos guardi\u00f5es das boas pr\u00e1ticas de governan\u00e7a corporativa&#8221;.<\/p>\n<p>&nbsp;<\/p>\n<p>Afirmam, ainda, que entidades como a\u00a0Organiza\u00e7\u00e3o para a Coopera\u00e7\u00e3o e Desenvolvimento Econ\u00f4mico (OCDE) recomendam que os conselhos das companhias p\u00fablicas tenham &#8220;compet\u00eancia e objetividade necess\u00e1rias para realizar as suas fun\u00e7\u00f5es de orienta\u00e7\u00e3o estrat\u00e9gica e monitoramento da gest\u00e3o\u201d, o que inclui o poder de indicar e destituir os presidentes das empresas.<\/p>\n<p>&nbsp;<\/p>\n<p><em>Bras\u00edlia, 09h34min<\/em><\/p>\n","protected":false},"excerpt":{"rendered":"<p>Quatro integrantes do Conselho de Administra\u00e7\u00e3o do Banco do Brasil, que n\u00e3o devem ser reconduzidos aos cargos, atiraram pesado sobre Fausto Ribeiro, indicado pelo presidente Jair Bolsonaro para comandar a institui\u00e7\u00e3o no lugar de Andr\u00e9 Brand\u00e3o, que deixou a presid\u00eancia do BB quarta-feira (31\/03). &nbsp; H\u00e9lio Magalh\u00e3es, presidente do Conselho de Administra\u00e7\u00e3o, Jos\u00e9 Guimar\u00e3es Monforte, [&hellip;]<\/p>\n","protected":false},"author":22,"featured_media":11457,"comment_status":"open","ping_status":"closed","sticky":false,"template":"","format":"standard","meta":{"footnotes":""},"categories":[600],"tags":[5324,589,4943,4547],"class_list":["post-18048","post","type-post","status-publish","format-standard","has-post-thumbnail","hentry","category-economia","tag-conselheiros-classificam-novo-presidente-do-banco-do-brasil-de-despreparado-para-o-cargo","tag-economia","tag-financas","tag-negocios"],"_links":{"self":[{"href":"https:\/\/blogs.correiobraziliense.com.br\/vicente\/wp-json\/wp\/v2\/posts\/18048","targetHints":{"allow":["GET"]}}],"collection":[{"href":"https:\/\/blogs.correiobraziliense.com.br\/vicente\/wp-json\/wp\/v2\/posts"}],"about":[{"href":"https:\/\/blogs.correiobraziliense.com.br\/vicente\/wp-json\/wp\/v2\/types\/post"}],"author":[{"embeddable":true,"href":"https:\/\/blogs.correiobraziliense.com.br\/vicente\/wp-json\/wp\/v2\/users\/22"}],"replies":[{"embeddable":true,"href":"https:\/\/blogs.correiobraziliense.com.br\/vicente\/wp-json\/wp\/v2\/comments?post=18048"}],"version-history":[{"count":2,"href":"https:\/\/blogs.correiobraziliense.com.br\/vicente\/wp-json\/wp\/v2\/posts\/18048\/revisions"}],"predecessor-version":[{"id":18053,"href":"https:\/\/blogs.correiobraziliense.com.br\/vicente\/wp-json\/wp\/v2\/posts\/18048\/revisions\/18053"}],"wp:featuredmedia":[{"embeddable":true,"href":"https:\/\/blogs.correiobraziliense.com.br\/vicente\/wp-json\/wp\/v2\/media\/11457"}],"wp:attachment":[{"href":"https:\/\/blogs.correiobraziliense.com.br\/vicente\/wp-json\/wp\/v2\/media?parent=18048"}],"wp:term":[{"taxonomy":"category","embeddable":true,"href":"https:\/\/blogs.correiobraziliense.com.br\/vicente\/wp-json\/wp\/v2\/categories?post=18048"},{"taxonomy":"post_tag","embeddable":true,"href":"https:\/\/blogs.correiobraziliense.com.br\/vicente\/wp-json\/wp\/v2\/tags?post=18048"}],"curies":[{"name":"wp","href":"https:\/\/api.w.org\/{rel}","templated":true}]}}