{"id":18045,"date":"2021-04-01T10:47:32","date_gmt":"2021-04-01T13:47:32","guid":{"rendered":"https:\/\/blogs.correiobraziliense.com.br\/vicente\/?p=18045"},"modified":"2021-04-01T20:25:23","modified_gmt":"2021-04-01T23:25:23","slug":"producao-industrial-recua-07-em-fevereiro-frustrando-expectativas","status":"publish","type":"post","link":"https:\/\/blogs.correiobraziliense.com.br\/vicente\/producao-industrial-recua-07-em-fevereiro-frustrando-expectativas\/","title":{"rendered":"Produ\u00e7\u00e3o industrial recua 0,7% em fevereiro, frustrando expectativas"},"content":{"rendered":"<h2>ROSANA HESSEL<\/h2>\n<h2><\/h2>\n<h2><span style=\"font-weight: 400\">Ap\u00f3s nove meses consecutivos de resultados positivos, a produ\u00e7\u00e3o industrial nacional perdeu o f\u00f4lego no meio da segunda onda da pandemia da covid-19 e voltou a registrar queda. De acordo com dados da\u00a0<\/span><span style=\"font-weight: 400\">Pesquisa Industrial Mensal (PIM) divulgada nesta quinta-feira (01\/04) pelo Instituto Brasileiro de Geografia e Estat\u00edstica (IBGE), o setor produtivo encolheu 0,7% em fevereiro na compara\u00e7\u00e3o com o m\u00eas anterior, na s\u00e9rie com ajuste sazonal.\u00a0<\/span><span style=\"font-weight: 400\">O resultado surpreendeu o\u00a0<\/span><span style=\"font-weight: 400\">mercado, que esperava uma alta levemente acima do avan\u00e7o t\u00edmido de 0,4% de janeiro, com mediana em torno de 0,5%.<\/span><\/h2>\n<p>&nbsp;<\/p>\n<p><span style=\"font-weight: 400\">No acumulado em 12 meses encerrados em fevereiro, o indicador do IBGE apresentou queda de 4,2%, e, na compara\u00e7\u00e3o com o mesmo m\u00eas de 2020, alta de 0,4%.\u00a0\u00a0<\/span><span style=\"font-weight: 400\">No ano, a alta acumulada da PIM ficou em 1,3%. <\/span><\/p>\n<p>&nbsp;<\/p>\n<p><span style=\"font-weight: 400\">Conforme os dados do IBGE, com esses resultados, o setor produtivo\u00a0<\/span><span style=\"font-weight: 400\">ficou 13,6% abaixo do patamar recorde alcan\u00e7ado em maio de 2011, mas 2,8% acima do n\u00edvel pr\u00e9-pandemia, de fevereiro de 2020.<\/span><\/p>\n<p>&nbsp;<\/p>\n<p>O desempenho da PIM nos \u00faltimos meses vinha dando sinais desacelera\u00e7\u00e3o no ritmo da atividade ap\u00f3s a forte alta de 9,4% de junho, especialmente, quando a pandemia se espalhava com mais for\u00e7a pelo pa\u00eds. O governo federal acabou n\u00e3o tomando medidas em tempo de come\u00e7ar uma vacina\u00e7\u00e3o em massa da popula\u00e7\u00e3o no fim do ano passado, junto com v\u00e1rios pa\u00edses davam a largada na imuniza\u00e7\u00e3o.<\/p>\n<p>&nbsp;<\/p>\n<p>Logo, essa retra\u00e7\u00e3o da atividade industrial logo em fevereiro j\u00e1 come\u00e7a a confirmar as proje\u00e7\u00f5es nada animadoras de analistas que apostam que, devido \u00e0 lentid\u00e3o na vacina\u00e7\u00e3o nacional, o pa\u00eds poder\u00e1 enfrentar uma recess\u00e3o t\u00e9cnica, quando h\u00e1 queda no Produto Interno Bruto (PIB) por dois trimestres consecutivos, no primeiro semestre de 2021.<\/p>\n<p>&nbsp;<\/p>\n<p><strong>Queda disseminada<\/strong><\/p>\n<p>&nbsp;<\/p>\n<p><span style=\"font-weight: 400\">O recuo de 0,7% da ind\u00fastria na margem em fevereiro, teve perfil disseminado de taxas negativas, alcan\u00e7ando tr\u00eas das quatro das grandes categorias econ\u00f4micas e 14 dos 26 ramos pesquisados, segundo o IBGE.<\/span><\/p>\n<p>&nbsp;<\/p>\n<p><span style=\"font-weight: 400\">O setor de produ\u00e7\u00e3o de bens de consumo dur\u00e1veis apresentou queda de 4,6% entre os meses de janeiro e fevereiro, assinalando a taxa negativa mais acentuada do m\u00eas entre as quatro categorias econ\u00f4micas pesquisadas na PIM. \u00c9 o segundo m\u00eas seguido de redu\u00e7\u00e3o na produ\u00e7\u00e3o, com queda acumulada de 5,5% no per\u00edodo.\u00a0<\/span><\/p>\n<p>&nbsp;<\/p>\n<p><span style=\"font-weight: 400\">As categorias de bens de capital e de bens de consumo semi e n\u00e3o-dur\u00e1veis tamb\u00e9m registraram taxas negativas em fevereiro, de 1,5% e 0,3%, respectivamente, com o primeiro interrompendo nove meses de resultados positivos. O segundo, por sua vez, reverteu o avan\u00e7o de 1,7% assinalado em janeiro. Somente a de setor de bens intermedi\u00e1rios apresentou taxa positiva em fevereiro de 2021, de 0,6%, eliminando parte da queda de 1% de janeiro.<\/span><\/p>\n<p>&nbsp;<\/p>\n<p><span style=\"font-weight: 400\">A produ\u00e7\u00e3o de ve\u00edculos automotores, reboques e carrocerias e a ind\u00fastria extrativa foram os ramos de atividade que tiveram destaque entre as quedas no m\u00eas de fevereiro, de 7,2% e 4,7%, respectivamente. Segundo o IBGE, essa queda do setor automotivo interrompeu nove meses de resultados positivos e alta acumulada de 1.249,2% no per\u00edodo. J\u00e1 o recuo da atividade extrativa praticamente anulou os avan\u00e7os de 3,8%, em dezembro de 2020, e de 1%, em janeiro de 2021.\u00a0<\/span><\/p>\n<p>&nbsp;<\/p>\n<p><span style=\"font-weight: 400\">Outras <\/span><span style=\"font-weight: 400\">influ\u00eancias negativas foram: produtos t\u00eaxteis (-9,0%), produtos de metal (-4,1%), couro, artigos para viagem e cal\u00e7ados (-5,9%), produtos diversos (-8,2%), coque, produtos derivados do petr\u00f3leo e biocombust\u00edveis (-0,7%), confec\u00e7\u00e3o de artigos do vestu\u00e1rio e acess\u00f3rios (-3,5%), produtos farmoqu\u00edmicos e farmac\u00eauticos (-3,4%) e de bebidas (-1,8%).<\/span><\/p>\n<p>&nbsp;<\/p>\n<p><span style=\"font-weight: 400\">Entre as 12 atividades com desempenho positivo, incluem-se\u00a0 outros produtos qu\u00edmicos (3,3%), m\u00e1quinas e equipamentos (2,8%), metalurgia (1,4%) e produtos aliment\u00edcios (0,5%),.\u00a0<\/span><\/p>\n<p>&nbsp;<\/p>\n<p><span style=\"font-weight: 400\">Na compara\u00e7\u00e3o com fevereiro de 2020, a alta de 0,4% foi resultado do desempenho das quatro grandes categorias econ\u00f4micas e em 17 dos 26 ramos pesquisados, de acordo com o IBGE.<\/span><\/p>\n<p>&nbsp;<\/p>\n<p><strong>Recupera\u00e7\u00e3o &#8220;em raiz quadrada&#8221;<\/strong><\/p>\n<p>&nbsp;<\/p>\n<p>Ao analisar os dados da PIM, o economista-chefe da Necton, Andr\u00e9 Perfeito, descartou a teoria da retomada em V que era defendida pelo ministro da Economia, Paulo Guedes, que acreditava em uma recupera\u00e7\u00e3o vigorosa da economia no meio da pandemia. Para ele, o fato \u00e9 que o V acabou virando uma raiz quadrada. &#8220;J\u00e1 no ano passado alertamos para a possibilidade de uma raiz quadrada que seria a estabilidade, ou at\u00e9 mesmo uma queda, ap\u00f3s o efeito do retorno ao antigo patamar.\u00a0Os dados de hoje confirmam tal hip\u00f3tese. Como podemos ver na s\u00e9rie em \u00edndice dessazonalizado vemos a queda, a volta e depois a estabilidade&#8221;, escreveu em nota<\/p>\n<p>&nbsp;<\/p>\n<p>Na avalia\u00e7\u00e3o de Perfeito, os n\u00fameros de mar\u00e7o e de abril &#8220;devem vir piores dado a piora da pandemia e das medidas de restri\u00e7\u00e3o adotadas em alguns estados&#8221;.<\/p>\n<p>&nbsp;<\/p>\n<p>&#8220;A situa\u00e7\u00e3o n\u00e3o \u00e9 favor\u00e1vel e os dados de confian\u00e7a da FGV (Funda\u00e7\u00e3o Getulio Vargas) mostraram, ao longo dos \u00faltimos dias, uma piora significativa no humor do com\u00e9rcio, consumidores e ind\u00fastria. Isto ir\u00e1 se verificar nos dados de mar\u00e7o sem d\u00favida&#8221;, acrescentou.<\/p>\n","protected":false},"excerpt":{"rendered":"<p>ROSANA HESSEL Ap\u00f3s nove meses consecutivos de resultados positivos, a produ\u00e7\u00e3o industrial nacional perdeu o f\u00f4lego no meio da segunda onda da pandemia da covid-19 e voltou a registrar queda. De acordo com dados da\u00a0Pesquisa Industrial Mensal (PIM) divulgada nesta quinta-feira (01\/04) pelo Instituto Brasileiro de Geografia e Estat\u00edstica (IBGE), o setor produtivo encolheu 0,7% [&hellip;]<\/p>\n","protected":false},"author":22,"featured_media":0,"comment_status":"open","ping_status":"closed","sticky":false,"template":"","format":"standard","meta":{"footnotes":""},"categories":[600],"tags":[3840,391,4510,5322,5323],"class_list":["post-18045","post","type-post","status-publish","format-standard","hentry","category-economia","tag-atividade","tag-ibge","tag-pandemia","tag-pim","tag-producao-industrial"],"_links":{"self":[{"href":"https:\/\/blogs.correiobraziliense.com.br\/vicente\/wp-json\/wp\/v2\/posts\/18045","targetHints":{"allow":["GET"]}}],"collection":[{"href":"https:\/\/blogs.correiobraziliense.com.br\/vicente\/wp-json\/wp\/v2\/posts"}],"about":[{"href":"https:\/\/blogs.correiobraziliense.com.br\/vicente\/wp-json\/wp\/v2\/types\/post"}],"author":[{"embeddable":true,"href":"https:\/\/blogs.correiobraziliense.com.br\/vicente\/wp-json\/wp\/v2\/users\/22"}],"replies":[{"embeddable":true,"href":"https:\/\/blogs.correiobraziliense.com.br\/vicente\/wp-json\/wp\/v2\/comments?post=18045"}],"version-history":[{"count":10,"href":"https:\/\/blogs.correiobraziliense.com.br\/vicente\/wp-json\/wp\/v2\/posts\/18045\/revisions"}],"predecessor-version":[{"id":18074,"href":"https:\/\/blogs.correiobraziliense.com.br\/vicente\/wp-json\/wp\/v2\/posts\/18045\/revisions\/18074"}],"wp:attachment":[{"href":"https:\/\/blogs.correiobraziliense.com.br\/vicente\/wp-json\/wp\/v2\/media?parent=18045"}],"wp:term":[{"taxonomy":"category","embeddable":true,"href":"https:\/\/blogs.correiobraziliense.com.br\/vicente\/wp-json\/wp\/v2\/categories?post=18045"},{"taxonomy":"post_tag","embeddable":true,"href":"https:\/\/blogs.correiobraziliense.com.br\/vicente\/wp-json\/wp\/v2\/tags?post=18045"}],"curies":[{"name":"wp","href":"https:\/\/api.w.org\/{rel}","templated":true}]}}