{"id":1804,"date":"2016-07-04T15:10:07","date_gmt":"2016-07-04T18:10:07","guid":{"rendered":"https:\/\/blogs.correiobraziliense.com.br\/vicente\/?p=1804"},"modified":"2016-07-08T09:27:38","modified_gmt":"2016-07-08T12:27:38","slug":"ha-risco-de-outra-empresa-de-telefonia-quebrar-seguindo-os-passos-da-oi","status":"publish","type":"post","link":"https:\/\/blogs.correiobraziliense.com.br\/vicente\/ha-risco-de-outra-empresa-de-telefonia-quebrar-seguindo-os-passos-da-oi\/","title":{"rendered":"H\u00e1 risco de outra empresa de telefonia quebrar, seguindo os passos da Oi"},"content":{"rendered":"<p>POR SIMONE KAFRUNI<\/p>\n<p>&nbsp;<\/p>\n<p>Oscar Petersen, diretor de regula\u00e7\u00e3o da Am\u00e9rica Movil, grupo controlador da Embratel, NET e Claro, admite que o setor de telefonia pode ser surpreendido pela quebra de outra empresa, seguindo os passos da Oi, que pediu recupera\u00e7\u00e3o judicial por causa de d\u00edvidas de R$ 65 bilh\u00f5es.<\/p>\n<p>&nbsp;<\/p>\n<p>\u201cEstamos com problemas de rentabilidade em um setor que demanda alto investimento. A equa\u00e7\u00e3o n\u00e3o fecha. Basta ver os balan\u00e7os das empresas. Uma est\u00e1 em recupera\u00e7\u00e3o judicial e outra passa por dificuldades\u201d,diz Petersen, sem revelar qual \u00e9 a segunda operadora com problemas financeiros. \u201cA quebra de uma empresa pode gerar problema para todas as outras\u201d, emenda.<\/p>\n<p>&nbsp;<\/p>\n<p>Para o executivo, diante de tantos problemas, \u00e9 importante que o governo reveja o impacto do excesso de regula\u00e7\u00e3o sobre as empresas, que s\u00e3o repassados para os consumidores. \u201cEm 12 meses, a Anatel (Ag\u00eancia Nacional de Telecomunica\u00e7\u00f5es) criou 15 regulamentos e promoveu 65 consultas p\u00fablicas. H\u00e1 uma quantidade excessiva, na nossa vis\u00e3o, de regulamenta\u00e7\u00e3o\u201d, considera.<\/p>\n<p>&nbsp;<\/p>\n<p><em>Bras\u00edlia, 15h10min<\/em><\/p>\n<p>&nbsp;<\/p>\n","protected":false},"excerpt":{"rendered":"<p>POR SIMONE KAFRUNI &nbsp; Oscar Petersen, diretor de regula\u00e7\u00e3o da Am\u00e9rica Movil, grupo controlador da Embratel, NET e Claro, admite que o setor de telefonia pode ser surpreendido pela quebra de outra empresa, seguindo os passos da Oi, que pediu recupera\u00e7\u00e3o judicial por causa de d\u00edvidas de R$ 65 bilh\u00f5es. &nbsp; \u201cEstamos com problemas de [&hellip;]<\/p>\n","protected":false},"author":22,"featured_media":0,"comment_status":"open","ping_status":"closed","sticky":false,"template":"","format":"standard","meta":{"footnotes":""},"categories":[600,1],"tags":[547,555,145,556,557],"class_list":["post-1804","post","type-post","status-publish","format-standard","hentry","category-economia","category-sem-categoria","tag-anatel","tag-excesso-de-regulacao","tag-oi","tag-quebra","tag-segunda-empresa-com-problemas"],"_links":{"self":[{"href":"https:\/\/blogs.correiobraziliense.com.br\/vicente\/wp-json\/wp\/v2\/posts\/1804","targetHints":{"allow":["GET"]}}],"collection":[{"href":"https:\/\/blogs.correiobraziliense.com.br\/vicente\/wp-json\/wp\/v2\/posts"}],"about":[{"href":"https:\/\/blogs.correiobraziliense.com.br\/vicente\/wp-json\/wp\/v2\/types\/post"}],"author":[{"embeddable":true,"href":"https:\/\/blogs.correiobraziliense.com.br\/vicente\/wp-json\/wp\/v2\/users\/22"}],"replies":[{"embeddable":true,"href":"https:\/\/blogs.correiobraziliense.com.br\/vicente\/wp-json\/wp\/v2\/comments?post=1804"}],"version-history":[{"count":1,"href":"https:\/\/blogs.correiobraziliense.com.br\/vicente\/wp-json\/wp\/v2\/posts\/1804\/revisions"}],"predecessor-version":[{"id":1805,"href":"https:\/\/blogs.correiobraziliense.com.br\/vicente\/wp-json\/wp\/v2\/posts\/1804\/revisions\/1805"}],"wp:attachment":[{"href":"https:\/\/blogs.correiobraziliense.com.br\/vicente\/wp-json\/wp\/v2\/media?parent=1804"}],"wp:term":[{"taxonomy":"category","embeddable":true,"href":"https:\/\/blogs.correiobraziliense.com.br\/vicente\/wp-json\/wp\/v2\/categories?post=1804"},{"taxonomy":"post_tag","embeddable":true,"href":"https:\/\/blogs.correiobraziliense.com.br\/vicente\/wp-json\/wp\/v2\/tags?post=1804"}],"curies":[{"name":"wp","href":"https:\/\/api.w.org\/{rel}","templated":true}]}}