{"id":18014,"date":"2021-03-31T17:09:18","date_gmt":"2021-03-31T20:09:18","guid":{"rendered":"https:\/\/blogs.correiobraziliense.com.br\/vicente\/?p=18014"},"modified":"2021-03-31T19:04:12","modified_gmt":"2021-03-31T22:04:12","slug":"almirante-garnier-comandara-a-marinha-e-o-brigadeiro-baptista-junior-a-aeronautica","status":"publish","type":"post","link":"https:\/\/blogs.correiobraziliense.com.br\/vicente\/almirante-garnier-comandara-a-marinha-e-o-brigadeiro-baptista-junior-a-aeronautica\/","title":{"rendered":"Almirante Garnier comandar\u00e1 a Marinha e o Brigadeiro Baptista Junior, a Aeron\u00e1utica"},"content":{"rendered":"<h2>O almirante Almir Garnier dos Santos (<strong>foto acima<\/strong>), o segundo na lista de antiguidade, comandar\u00e1 a Marinha. E o\u00a0tenente-brigadeiro do ar, Carlos de Almeida Baptista Junior (<strong>foto abaixo<\/strong>), o primeiro da lista, a Aeron\u00e1utica. Os nomes foram apresentados pelo ministro da Defesa, Braga Netto, e aprovados pelo presidente Jair Bolsonaro. Garnier vai substituir Ilques Barbosa Junior. E o brigadeiro,\u00a0Antonio Carlos Moretti Bermudez.<\/h2>\n<p>&nbsp;<\/p>\n<figure id=\"attachment_18029\" aria-describedby=\"caption-attachment-18029\" style=\"width: 528px\" class=\"wp-caption alignleft\"><a href=\"https:\/\/blogs.correiobraziliense.com.br\/vicente\/wp-content\/uploads\/sites\/16\/2021\/03\/BrigadeiroJunior.jpg\"><img loading=\"lazy\" decoding=\"async\" class=\" wp-image-18029\" src=\"https:\/\/blogs.correiobraziliense.com.br\/vicente\/wp-content\/uploads\/sites\/16\/2021\/03\/BrigadeiroJunior-1024x681.jpg\" alt=\"\" width=\"528\" height=\"351\" srcset=\"https:\/\/blogs.correiobraziliense.com.br\/vicente\/wp-content\/uploads\/sites\/16\/2021\/03\/BrigadeiroJunior-1024x681.jpg 1024w, https:\/\/blogs.correiobraziliense.com.br\/vicente\/wp-content\/uploads\/sites\/16\/2021\/03\/BrigadeiroJunior-300x199.jpg 300w, https:\/\/blogs.correiobraziliense.com.br\/vicente\/wp-content\/uploads\/sites\/16\/2021\/03\/BrigadeiroJunior-768x511.jpg 768w, https:\/\/blogs.correiobraziliense.com.br\/vicente\/wp-content\/uploads\/sites\/16\/2021\/03\/BrigadeiroJunior-800x532.jpg 800w, https:\/\/blogs.correiobraziliense.com.br\/vicente\/wp-content\/uploads\/sites\/16\/2021\/03\/BrigadeiroJunior-550x366.jpg 550w, https:\/\/blogs.correiobraziliense.com.br\/vicente\/wp-content\/uploads\/sites\/16\/2021\/03\/BrigadeiroJunior-230x153.jpg 230w, https:\/\/blogs.correiobraziliense.com.br\/vicente\/wp-content\/uploads\/sites\/16\/2021\/03\/BrigadeiroJunior.jpg 1280w\" sizes=\"auto, (max-width: 528px) 100vw, 528px\" \/><\/a><figcaption id=\"caption-attachment-18029\" class=\"wp-caption-text\">Foto: Marcelo Camargo\/Ag\u00eancia Brasil<\/figcaption><\/figure>\n<p>O almirante de esquadra Garnier nasceu em 22 de setembro de 1960, em Cascadura, no Rio de Janeiro. Ele ingressou na Marinha do Brasil aos 10 anos de idade, como aluno do curso de forma\u00e7\u00e3o de<br \/>\noper\u00e1rios, na extinta Escola Industrial Comandante Zenethilde Magno de Carvalho.<\/p>\n<p>&nbsp;<\/p>\n<p>O tenente-brigadeiro Baptista Junior \u00e9 natural do Rio de Janeiro, tendo ingressado na For\u00e7a A\u00e9rea Brasileira (FAB) em mar\u00e7o de 1975. Ele tem todos os cursos de carreira, al\u00e9m de ser especialista em Planejamento Or\u00e7ament\u00e1rio e Financeiro e ter Especializa\u00e7\u00e3o em Pol\u00edtica e Estrat\u00e9gia. O pai dele, Carlos de Almeida Baptista, foi comandante da Aeron\u00e1utica entre dezembro de 1999 e janeiro de 2003.<\/p>\n","protected":false},"excerpt":{"rendered":"<p>O almirante Almir Garnier dos Santos (foto acima), o segundo na lista de antiguidade, comandar\u00e1 a Marinha. E o\u00a0tenente-brigadeiro do ar, Carlos de Almeida Baptista Junior (foto abaixo), o primeiro da lista, a Aeron\u00e1utica. Os nomes foram apresentados pelo ministro da Defesa, Braga Netto, e aprovados pelo presidente Jair Bolsonaro. Garnier vai substituir Ilques Barbosa [&hellip;]<\/p>\n","protected":false},"author":22,"featured_media":18028,"comment_status":"open","ping_status":"closed","sticky":false,"template":"","format":"standard","meta":{"footnotes":""},"categories":[600],"tags":[5320,5319,378,2526,2787],"class_list":["post-18014","post","type-post","status-publish","format-standard","has-post-thumbnail","hentry","category-economia","tag-a-aeronautica","tag-almirante-garnier-comandara-a-marinha-e-o-brigadeiro-baptista-junior","tag-brasil","tag-poder","tag-politica"],"_links":{"self":[{"href":"https:\/\/blogs.correiobraziliense.com.br\/vicente\/wp-json\/wp\/v2\/posts\/18014","targetHints":{"allow":["GET"]}}],"collection":[{"href":"https:\/\/blogs.correiobraziliense.com.br\/vicente\/wp-json\/wp\/v2\/posts"}],"about":[{"href":"https:\/\/blogs.correiobraziliense.com.br\/vicente\/wp-json\/wp\/v2\/types\/post"}],"author":[{"embeddable":true,"href":"https:\/\/blogs.correiobraziliense.com.br\/vicente\/wp-json\/wp\/v2\/users\/22"}],"replies":[{"embeddable":true,"href":"https:\/\/blogs.correiobraziliense.com.br\/vicente\/wp-json\/wp\/v2\/comments?post=18014"}],"version-history":[{"count":12,"href":"https:\/\/blogs.correiobraziliense.com.br\/vicente\/wp-json\/wp\/v2\/posts\/18014\/revisions"}],"predecessor-version":[{"id":18040,"href":"https:\/\/blogs.correiobraziliense.com.br\/vicente\/wp-json\/wp\/v2\/posts\/18014\/revisions\/18040"}],"wp:featuredmedia":[{"embeddable":true,"href":"https:\/\/blogs.correiobraziliense.com.br\/vicente\/wp-json\/wp\/v2\/media\/18028"}],"wp:attachment":[{"href":"https:\/\/blogs.correiobraziliense.com.br\/vicente\/wp-json\/wp\/v2\/media?parent=18014"}],"wp:term":[{"taxonomy":"category","embeddable":true,"href":"https:\/\/blogs.correiobraziliense.com.br\/vicente\/wp-json\/wp\/v2\/categories?post=18014"},{"taxonomy":"post_tag","embeddable":true,"href":"https:\/\/blogs.correiobraziliense.com.br\/vicente\/wp-json\/wp\/v2\/tags?post=18014"}],"curies":[{"name":"wp","href":"https:\/\/api.w.org\/{rel}","templated":true}]}}