{"id":17999,"date":"2021-03-31T10:58:41","date_gmt":"2021-03-31T13:58:41","guid":{"rendered":"https:\/\/blogs.correiobraziliense.com.br\/vicente\/?p=17999"},"modified":"2021-03-31T12:13:06","modified_gmt":"2021-03-31T15:13:06","slug":"andre-brandao-deixa-banco-do-brasil-e-governo-corre-para-nomear-novo-presidente","status":"publish","type":"post","link":"https:\/\/blogs.correiobraziliense.com.br\/vicente\/andre-brandao-deixa-banco-do-brasil-e-governo-corre-para-nomear-novo-presidente\/","title":{"rendered":"Andr\u00e9 Brand\u00e3o deixa Banco do Brasil e governo corre para nomear novo presidente"},"content":{"rendered":"<h2>O mandato de Andr\u00e9 Brand\u00e3o como presidente do Banco do Brasil acaba nesta quarta-feira (31\/03) sem que o seu sucessor, Fausto Ribeiro, tenha tido o processo de avalia\u00e7\u00e3o para o cargo conclu\u00eddo. Para n\u00e3o deixar o BB sem comando, o Pal\u00e1cio do Planalto corre para que todo o processo seja encerrado ainda hoje, com o decreto da nomea\u00e7\u00e3o assinado pelo presidente Jair Bolsonaro sendo publicado at\u00e9 quinta (01\/04).<\/h2>\n<p>&nbsp;<\/p>\n<p>Fontes do Banco do Brasil garantem que n\u00e3o houve nenhum empecilho para a nomea\u00e7\u00e3o de Ribeiro. Todo o tr\u00e2mite correu com tranquilidade e o Comit\u00ea de Elegibilidade j\u00e1 deu o aval para que ele tome posse como presidente do BB, pois seus requisitos est\u00e3o dentro da Lei das Estatais e do estatuto da institui\u00e7\u00e3o.<\/p>\n<p>&nbsp;<\/p>\n<p>Falta, portanto, apenas o Comit\u00ea encaminhar a documenta\u00e7\u00e3o ao Pal\u00e1cio do Planalto, para que o presidente assine o decreto de nomea\u00e7\u00e3o. Vale ressaltar que Andr\u00e9 Brand\u00e3o n\u00e3o passar\u00e1 o cargo pessoalmente ao sucessor. Na verdade, ele j\u00e1 se desligou de Bras\u00edlia. N\u00e3o vem \u00e0 capital federal h\u00e1 mais de duas semanas.<\/p>\n<p>&nbsp;<\/p>\n<p><strong>Mudan\u00e7as nas vice-presid\u00eancias<\/strong><\/p>\n<p>&nbsp;<\/p>\n<p>Com a sa\u00edda de Andr\u00e9 Brand\u00e3o, a maior parte dos nove vice-presidentes do Banco do Brasil ser\u00e1 substitu\u00edda. N\u00e3o porque eles queiram, em maioria, deixar o cargo, mas porque o novo presidente do BB j\u00e1 avisou que montar\u00e1 a sua equipe. Os atuais vices da institui\u00e7\u00e3o ou foram nomeados por Rubem Novaes ou por Brand\u00e3o.<\/p>\n<p>&nbsp;<\/p>\n<p>Portanto, dizem integrantes do BB, \u00e9 natural que Fausto Ribeiro monte seu time. O primeiro nome escolhido, como antecipou o <strong>Blog<\/strong>, \u00e9 o de\u00a0<a href=\"https:\/\/blogs.correiobraziliense.com.br\/vicente\/novo-presidente-do-bb-monta-equipe-antonio-barreto-vai-para-a-vice-presidencia-de-governo\/\">Ant\u00f4nio Barreto, que comandar\u00e1 a vice-presid\u00eancia de Governo<\/a> da institui\u00e7\u00e3o. A nova equipe ser\u00e1 anunciada assim que a nomea\u00e7\u00e3o de Ribeiro for efetivada pelo Planalto.<\/p>\n<p>&nbsp;<\/p>\n<p>Alguns vices-presidentes do Banco do Brasil est\u00e3o loucos para ficar nos cargos, outros, preferem ir embora porque n\u00e3o concordam com a escolha de Ribeiro para o comando da institui\u00e7\u00e3o. Esses, inclusive, acreditaram que poderiam ser al\u00e7ados ao cargo mais alto do BB. Mas Bolsonaro preferiu seguir conselhos pol\u00edticos na escolha de Ribeiro.<\/p>\n<p>&nbsp;<\/p>\n<p>Por sinal, a composi\u00e7\u00e3o da nova vice-presid\u00eancia do Banco do Brasil acomodar\u00e1 algumas indica\u00e7\u00f5es pol\u00edticas. Tudo vem sendo negociado h\u00e1 pelo menos duas semanas. Fausto Ribeiro conversou com muita gente, mas preferiu n\u00e3o fazer barulho para n\u00e3o sofrer press\u00f5es. Uma coisa \u00e9 certa: <a href=\"https:\/\/blogs.correiobraziliense.com.br\/vicente\/novo-presidente-do-bb-enterra-privatizacao-da-instituicao-e-deve-vetar-venda-da-bb-dtvm\/\">durante a gest\u00e3o dele, n\u00e3o se falar\u00e1 em privatiza\u00e7\u00e3o do BB nem de venda de ativos, como a BB DTVM.<\/a><\/p>\n<p>&nbsp;<\/p>\n<p><em>Bras\u00edlia, 10h58min<\/em><\/p>\n","protected":false},"excerpt":{"rendered":"<p>O mandato de Andr\u00e9 Brand\u00e3o como presidente do Banco do Brasil acaba nesta quarta-feira (31\/03) sem que o seu sucessor, Fausto Ribeiro, tenha tido o processo de avalia\u00e7\u00e3o para o cargo conclu\u00eddo. Para n\u00e3o deixar o BB sem comando, o Pal\u00e1cio do Planalto corre para que todo o processo seja encerrado ainda hoje, com o [&hellip;]<\/p>\n","protected":false},"author":22,"featured_media":11451,"comment_status":"open","ping_status":"closed","sticky":false,"template":"","format":"standard","meta":{"footnotes":""},"categories":[600],"tags":[5318,589,4943,4547],"class_list":["post-17999","post","type-post","status-publish","format-standard","has-post-thumbnail","hentry","category-economia","tag-andre-brandao-deixa-banco-do-brasil-e-governo-corre-para-nomear-novo-presidente","tag-economia","tag-financas","tag-negocios"],"_links":{"self":[{"href":"https:\/\/blogs.correiobraziliense.com.br\/vicente\/wp-json\/wp\/v2\/posts\/17999","targetHints":{"allow":["GET"]}}],"collection":[{"href":"https:\/\/blogs.correiobraziliense.com.br\/vicente\/wp-json\/wp\/v2\/posts"}],"about":[{"href":"https:\/\/blogs.correiobraziliense.com.br\/vicente\/wp-json\/wp\/v2\/types\/post"}],"author":[{"embeddable":true,"href":"https:\/\/blogs.correiobraziliense.com.br\/vicente\/wp-json\/wp\/v2\/users\/22"}],"replies":[{"embeddable":true,"href":"https:\/\/blogs.correiobraziliense.com.br\/vicente\/wp-json\/wp\/v2\/comments?post=17999"}],"version-history":[{"count":2,"href":"https:\/\/blogs.correiobraziliense.com.br\/vicente\/wp-json\/wp\/v2\/posts\/17999\/revisions"}],"predecessor-version":[{"id":18007,"href":"https:\/\/blogs.correiobraziliense.com.br\/vicente\/wp-json\/wp\/v2\/posts\/17999\/revisions\/18007"}],"wp:featuredmedia":[{"embeddable":true,"href":"https:\/\/blogs.correiobraziliense.com.br\/vicente\/wp-json\/wp\/v2\/media\/11451"}],"wp:attachment":[{"href":"https:\/\/blogs.correiobraziliense.com.br\/vicente\/wp-json\/wp\/v2\/media?parent=17999"}],"wp:term":[{"taxonomy":"category","embeddable":true,"href":"https:\/\/blogs.correiobraziliense.com.br\/vicente\/wp-json\/wp\/v2\/categories?post=17999"},{"taxonomy":"post_tag","embeddable":true,"href":"https:\/\/blogs.correiobraziliense.com.br\/vicente\/wp-json\/wp\/v2\/tags?post=17999"}],"curies":[{"name":"wp","href":"https:\/\/api.w.org\/{rel}","templated":true}]}}