{"id":1798,"date":"2016-07-04T09:15:36","date_gmt":"2016-07-04T12:15:36","guid":{"rendered":"https:\/\/blogs.correiobraziliense.com.br\/vicente\/?p=1798"},"modified":"2016-07-08T09:27:42","modified_gmt":"2016-07-08T12:27:42","slug":"governo-mantem-politica-economica-de-dilma-e-sem-nova-roupagem","status":"publish","type":"post","link":"https:\/\/blogs.correiobraziliense.com.br\/vicente\/governo-mantem-politica-economica-de-dilma-e-sem-nova-roupagem\/","title":{"rendered":"Governo mant\u00e9m a pol\u00edtica econ\u00f4mica de Dilma. E sem nova roupagem"},"content":{"rendered":"<p>A cada dia, est\u00e1 mais claro que a equipe econ\u00f4mica do governo interino de Michel Temer est\u00e1 sem criatividade e repetindo a mesma pol\u00edtica econ\u00f4mica de Dilma Rousseff. S\u00f3 mudaram os personagens, mas a roupagem \u00e9 a mesma.<\/p>\n<p>&nbsp;<\/p>\n<p>Os gastos continuam a todo vapor, a pol\u00edtica de ado\u00e7ar a boca de pol\u00edticos por meio da libera\u00e7\u00e3o de emendas se mant\u00e9m ativa e, agora, descobre-se que o plano de privatiza\u00e7\u00e3o que prev\u00ea arrecadar at\u00e9 R$ 30 bilh\u00f5es em 2017 \u00e9 o mesmo vendido como salva\u00e7\u00e3o por Joaquim Levy e Nelson Barbosa, ex-ministros da Fazenda.<\/p>\n<p>&nbsp;<\/p>\n<p>A meta \u00e9 vender parte do capital da Caixa Seguridade e do Instituto de Resseguros do Brasil (IRB) e se desfazer de participa\u00e7\u00f5es que a Infraero det\u00e9m em aeroportos, al\u00e9m de incrementar concess\u00f5es de rodovias e aeroportos. Ora, n\u00e3o h\u00e1 nada de novo nesse pacote. Isso j\u00e1 vem sendo prometido h\u00e1 anos.<\/p>\n<p>&nbsp;<\/p>\n<p>Com essa maquiagem, a equipe do ministro da Fazenda, Henrique Meirelles, pretende criar fatos positivos a fim de acalmar os \u00e2nimos dos investidores e especialistas, que j\u00e1 perceberam que mudou o governo, mas tudo continua como sempre esteve na pol\u00edtica econ\u00f4mica.<\/p>\n<p>&nbsp;<\/p>\n<p>Meirelles chegou \u00e0 Fazenda prometendo mundos e fundos. Contudo, nada de concreto fez at\u00e9 agora a n\u00e3o ser repetir o que seus antecessores faziam: prometer medidas e aumentar as previs\u00f5es de rombo nas contas p\u00fablicas.<\/p>\n<p>&nbsp;<\/p>\n<p>A sorte de Meirelles \u00e9 que ele conta com a prote\u00e7\u00e3o da maior parte da m\u00eddia e de analistas que odeiam Dilma Rousseff. Num pa\u00eds s\u00e9rio, a m\u00e1scara do ministro j\u00e1 tinha ca\u00eddo h\u00e1 muito tempo.<\/p>\n<p>&nbsp;<\/p>\n<p><em>Bras\u00edlia, 09h15min<\/em><\/p>\n","protected":false},"excerpt":{"rendered":"<p>A cada dia, est\u00e1 mais claro que a equipe econ\u00f4mica do governo interino de Michel Temer est\u00e1 sem criatividade e repetindo a mesma pol\u00edtica econ\u00f4mica de Dilma Rousseff. S\u00f3 mudaram os personagens, mas a roupagem \u00e9 a mesma. &nbsp; Os gastos continuam a todo vapor, a pol\u00edtica de ado\u00e7ar a boca de pol\u00edticos por meio [&hellip;]<\/p>\n","protected":false},"author":22,"featured_media":0,"comment_status":"open","ping_status":"closed","sticky":false,"template":"","format":"standard","meta":{"footnotes":""},"categories":[600,1],"tags":[545,198,455,542,60,21,544,543,540,541],"class_list":["post-1798","post","type-post","status-publish","format-standard","hentry","category-economia","category-sem-categoria","tag-aeroportos","tag-caixa-seguridade","tag-concessoes","tag-contas-publicas","tag-enganacao","tag-henrique-meirelles","tag-infraero","tag-irb","tag-privatizacao","tag-rombo"],"_links":{"self":[{"href":"https:\/\/blogs.correiobraziliense.com.br\/vicente\/wp-json\/wp\/v2\/posts\/1798","targetHints":{"allow":["GET"]}}],"collection":[{"href":"https:\/\/blogs.correiobraziliense.com.br\/vicente\/wp-json\/wp\/v2\/posts"}],"about":[{"href":"https:\/\/blogs.correiobraziliense.com.br\/vicente\/wp-json\/wp\/v2\/types\/post"}],"author":[{"embeddable":true,"href":"https:\/\/blogs.correiobraziliense.com.br\/vicente\/wp-json\/wp\/v2\/users\/22"}],"replies":[{"embeddable":true,"href":"https:\/\/blogs.correiobraziliense.com.br\/vicente\/wp-json\/wp\/v2\/comments?post=1798"}],"version-history":[{"count":1,"href":"https:\/\/blogs.correiobraziliense.com.br\/vicente\/wp-json\/wp\/v2\/posts\/1798\/revisions"}],"predecessor-version":[{"id":1799,"href":"https:\/\/blogs.correiobraziliense.com.br\/vicente\/wp-json\/wp\/v2\/posts\/1798\/revisions\/1799"}],"wp:attachment":[{"href":"https:\/\/blogs.correiobraziliense.com.br\/vicente\/wp-json\/wp\/v2\/media?parent=1798"}],"wp:term":[{"taxonomy":"category","embeddable":true,"href":"https:\/\/blogs.correiobraziliense.com.br\/vicente\/wp-json\/wp\/v2\/categories?post=1798"},{"taxonomy":"post_tag","embeddable":true,"href":"https:\/\/blogs.correiobraziliense.com.br\/vicente\/wp-json\/wp\/v2\/tags?post=1798"}],"curies":[{"name":"wp","href":"https:\/\/api.w.org\/{rel}","templated":true}]}}