{"id":17961,"date":"2021-03-30T18:05:30","date_gmt":"2021-03-30T21:05:30","guid":{"rendered":"https:\/\/blogs.correiobraziliense.com.br\/vicente\/?p=17961"},"modified":"2021-03-30T19:02:50","modified_gmt":"2021-03-30T22:02:50","slug":"braga-netto-corre-para-nomear-novos-comandantes-das-forcas-armadas","status":"publish","type":"post","link":"https:\/\/blogs.correiobraziliense.com.br\/vicente\/braga-netto-corre-para-nomear-novos-comandantes-das-forcas-armadas\/","title":{"rendered":"Braga Netto corre para nomear novos comandantes das For\u00e7as Armadas"},"content":{"rendered":"<h2>O novo ministro da Defesa, general Braga Netto, est\u00e1 correndo para nomear logo os futuros comandantes das For\u00e7as Armadas. Ele deve come\u00e7ar as entrevistas dos candidatos ainda nesta ter\u00e7a-feira (30\/03) e concluir o processo em um ou dois dias, no m\u00e1ximo, para apresentar as op\u00e7\u00f5es ao presidente Jair Bolsonaro.<\/h2>\n<p>&nbsp;<\/p>\n<p>A meta de Braga Netto e do governo \u00e9 encerrar o mais rapidamente poss\u00edvel a <strong>crise aberta nos quart\u00e9is<\/strong>, detonada ap\u00f3s a demiss\u00e3o do general <strong>Fernando Azevedo e Silva<\/strong>, seguida pela exonera\u00e7\u00e3o dos chefes do Ex\u00e9rcito, da Aeron\u00e1utica e da Marinha. A ordem \u00e9 escolher pessoas mais alinhadas ao pensamento do Pal\u00e1cio do Planalto.<\/p>\n<p>&nbsp;<\/p>\n<p>H\u00e1 um clima de perplexidade no comando das tr\u00eas For\u00e7as ante a decis\u00e3o repentina de Bolsonaro de demitir o ministro da Defesa e os chefes das For\u00e7as, mas, a despeito dos traumas, refor\u00e7ou a disposi\u00e7\u00e3o entre o alto escal\u00e3o de n\u00e3o deixar o governo se apoderar das institui\u00e7\u00f5es.<\/p>\n<p>&nbsp;<\/p>\n<p>A ideia inicial de Bolsonaro era demitir apenas o general <strong>Edson Pujol<\/strong> do Ex\u00e9rcito. Mas o Planalto foi avisado de que, caso isso ocorresse,<strong>\u00a0Ilques Barbosa J\u00fanior<\/strong> abriria m\u00e3o do comando da Marinha e <strong>Antonio Carlos Bermudez<\/strong>, da Aeron\u00e1utica.<\/p>\n<p>&nbsp;<\/p>\n<p><strong>For\u00e7as n\u00e3o s\u00e3o instrumentos do governo de plant\u00e3o<\/strong><\/p>\n<p>&nbsp;<\/p>\n<p>Na reuni\u00e3o da noite de segunda-feira (29\/03), ap\u00f3s a demiss\u00e3o de Fernando Azevedo e Silva do <strong>Minist\u00e9rio da Defesa<\/strong>, os tr\u00eas comandantes fecharam quest\u00e3o de que n\u00e3o renunciariam aos cargos. Isso, inclusive, foi dito nas reuni\u00f5es que eles tiveram com os altos comandos das For\u00e7as, cada um com a sua.<\/p>\n<p>&nbsp;<\/p>\n<p>Nesta ter\u00e7a-feira, Pujol, Ilques e Bermudez n\u00e3o tiveram sequer oportunidade de falar no in\u00edcio da reuni\u00e3o com Braga Neto. Foram avisados, de cara, que estavam sendo demitidos a mando do presidente da Rep\u00fablica. Da\u00ed em diante, a conversa pegou fogo. Os tr\u00eas comandantes deixaram claro que, mesmo sendo exonerados, n\u00e3o haveria como Bolsonaro se apoderar das <strong>For\u00e7as Armadas<\/strong>, levando a pol\u00edtica para dentro dos quart\u00e9is.<\/p>\n<p>&nbsp;<\/p>\n<p>O entendimento de Pujol, Ilques e Bermudez \u00e9 o de que a posi\u00e7\u00e3o dos altos comandos est\u00e1 consolidada de que as For\u00e7as Armadas s\u00e3o institui\u00e7\u00f5es de Estado, n\u00e3o instrumentos do governo de plant\u00e3o. Portanto, quem quer venha a ser nomeado n\u00e3o conseguir\u00e1 romper esse cord\u00e3o de isolamento. Nem mesmo no Ex\u00e9rcito, objeto de desejo de Bolsonaro.<\/p>\n<p>&nbsp;<\/p>\n<p>Essa posi\u00e7\u00e3o tamb\u00e9m foi refor\u00e7ada pelo ex-ministro da Defesa, que passou o dia na pasta e teve um encontro de despedida com assessores. No discurso de agradecimento, disse que, <strong>&#8220;na vida militar, tem hora de chegar e hora de sair&#8221;<\/strong>. Ele assegurou que, agora, sua prioridade \u00e9 descansar.<\/p>\n<p>&nbsp;<\/p>\n<p><em>Bras\u00edlia, 18h05min<\/em><\/p>\n","protected":false},"excerpt":{"rendered":"<p>O novo ministro da Defesa, general Braga Netto, est\u00e1 correndo para nomear logo os futuros comandantes das For\u00e7as Armadas. Ele deve come\u00e7ar as entrevistas dos candidatos ainda nesta ter\u00e7a-feira (30\/03) e concluir o processo em um ou dois dias, no m\u00e1ximo, para apresentar as op\u00e7\u00f5es ao presidente Jair Bolsonaro. &nbsp; A meta de Braga Netto [&hellip;]<\/p>\n","protected":false},"author":22,"featured_media":14164,"comment_status":"open","ping_status":"closed","sticky":false,"template":"","format":"standard","meta":{"footnotes":""},"categories":[600],"tags":[5315,378,2526,2787],"class_list":["post-17961","post","type-post","status-publish","format-standard","has-post-thumbnail","hentry","category-economia","tag-braga-netto-corre-para-nomear-novos-comandantes-das-forcas-armadas","tag-brasil","tag-poder","tag-politica"],"_links":{"self":[{"href":"https:\/\/blogs.correiobraziliense.com.br\/vicente\/wp-json\/wp\/v2\/posts\/17961","targetHints":{"allow":["GET"]}}],"collection":[{"href":"https:\/\/blogs.correiobraziliense.com.br\/vicente\/wp-json\/wp\/v2\/posts"}],"about":[{"href":"https:\/\/blogs.correiobraziliense.com.br\/vicente\/wp-json\/wp\/v2\/types\/post"}],"author":[{"embeddable":true,"href":"https:\/\/blogs.correiobraziliense.com.br\/vicente\/wp-json\/wp\/v2\/users\/22"}],"replies":[{"embeddable":true,"href":"https:\/\/blogs.correiobraziliense.com.br\/vicente\/wp-json\/wp\/v2\/comments?post=17961"}],"version-history":[{"count":1,"href":"https:\/\/blogs.correiobraziliense.com.br\/vicente\/wp-json\/wp\/v2\/posts\/17961\/revisions"}],"predecessor-version":[{"id":17966,"href":"https:\/\/blogs.correiobraziliense.com.br\/vicente\/wp-json\/wp\/v2\/posts\/17961\/revisions\/17966"}],"wp:featuredmedia":[{"embeddable":true,"href":"https:\/\/blogs.correiobraziliense.com.br\/vicente\/wp-json\/wp\/v2\/media\/14164"}],"wp:attachment":[{"href":"https:\/\/blogs.correiobraziliense.com.br\/vicente\/wp-json\/wp\/v2\/media?parent=17961"}],"wp:term":[{"taxonomy":"category","embeddable":true,"href":"https:\/\/blogs.correiobraziliense.com.br\/vicente\/wp-json\/wp\/v2\/categories?post=17961"},{"taxonomy":"post_tag","embeddable":true,"href":"https:\/\/blogs.correiobraziliense.com.br\/vicente\/wp-json\/wp\/v2\/tags?post=17961"}],"curies":[{"name":"wp","href":"https:\/\/api.w.org\/{rel}","templated":true}]}}