{"id":17952,"date":"2021-03-30T15:19:26","date_gmt":"2021-03-30T18:19:26","guid":{"rendered":"https:\/\/blogs.correiobraziliense.com.br\/vicente\/?p=17952"},"modified":"2021-03-30T18:16:57","modified_gmt":"2021-03-30T21:16:57","slug":"governo-registra-deficit-primario-de-r-212-bilhoes-em-fevereiro","status":"publish","type":"post","link":"https:\/\/blogs.correiobraziliense.com.br\/vicente\/governo-registra-deficit-primario-de-r-212-bilhoes-em-fevereiro\/","title":{"rendered":"Governo registra deficit prim\u00e1rio de R$ 21,2 bilh\u00f5es em fevereiro"},"content":{"rendered":"<p><span style=\"font-weight: 400\">ROSANA HESSEL<\/span><\/p>\n<p>&nbsp;<\/p>\n<p><span style=\"font-weight: 400\">As contas do governo central encerram o m\u00eas de fevereiro com um deficit prim\u00e1rio de R$ 21,2 bilh\u00f5es, conforme dados divulgados nesta ter\u00e7a-feira (30\/3) pelo Tesouro Nacional. Esse dado ficou 22% abaixo, em termos reais (descontada a infla\u00e7\u00e3o) em rela\u00e7\u00e3o ao rombo de R$ 25,8 bilh\u00f5es contabilizado no segundo m\u00eas de 2020.\u00a0 <\/span><\/p>\n<p>&nbsp;<\/p>\n<p><span style=\"font-weight: 400\">&#8220;<\/span>Esse dado superou as expectativas e as previs\u00f5es do mercado&#8221;, destacou o secret\u00e1rio do Tesouro, Bruno Funchal. Ele classificou o desempenho no m\u00eas como positivo, apesar do deficit prim\u00e1rio contabilizado no m\u00eas, mas reconheceu que o represamento de despesas devido ao atraso na aprova\u00e7\u00e3o do Or\u00e7amento ajudou nesse resultado abaixo do esperado. A mediana das estimativas do mercado apontadas na pesquisa do Prisma Fiscal, indicava um saldo negativo de R$ 27,6 bilh\u00f5es.<\/p>\n<p>&nbsp;<\/p>\n<p><span style=\"font-weight: 400\">O resultado prim\u00e1rio \u00e9 a diferen\u00e7a entre a receita l\u00edquida, descontadas as transfer\u00eancias para entes federativos. Quando ele \u00e9 negativo, significa que o governo n\u00e3o consegue arrecadar o suficiente para cobrir as despesas, o que exige a emiss\u00e3o de d\u00edvida para cobrir esse buraco, que \u00e9 crescente e vem sendo registrado ano a ano desde 2014, fazendo a d\u00edvida p\u00fablica bruta girar em torno de 90% do Produto Interno Bruto (PIB).<\/span><\/p>\n<p>&nbsp;<\/p>\n<p><span style=\"font-weight: 400\">Conforme os dados do \u00f3rg\u00e3o do Minist\u00e9rio da Economia, a receita l\u00edquida apresentou crescimento real de 9,9% em fevereiro, na compara\u00e7\u00e3o com o mesmo m\u00eas de 2020, somando R$ 95,3 bilh\u00f5es em fevereiro. J\u00e1 as despesas totais avan\u00e7aram 2,3%, na mesma base de compara\u00e7\u00e3o, totalizando R$ 116,5 bilh\u00f5es.\u00a0<\/span><\/p>\n<p>&nbsp;<\/p>\n<p><span style=\"font-weight: 400\">O aumento da receita l\u00edquida foi decorrente, principalmente, do crescimento das receitas administradas em R$ 7,4 bilh\u00f5es. Esse montante\u00a0 foi puxado pela arrecada\u00e7\u00e3o do Imposto de Renda Pessoa Jur\u00eddica (IRPJ) e da Contribui\u00e7\u00e3o sobre o Lucro L\u00edquido (CSLL), que respondeu por R$ 5 bilh\u00f5es desse montante, de acordo com o Tesouro.<\/span><\/p>\n<p>&nbsp;<\/p>\n<p><span style=\"font-weight: 400\">J\u00e1 a antecipa\u00e7\u00e3o do pagamento do abono salarial e de cr\u00e9ditos extraordin\u00e1rios contribu\u00edram para o aumento das despesas obrigat\u00f3rias em R$ 5 bilh\u00f5es em fevereiro, que ajudou no avan\u00e7o de 2,3% no m\u00eas, segundo os dados do \u00f3rg\u00e3o. A queda de 2,6% nas despesas discricion\u00e1rias, segundo Funchal, ocorreu devido ao fato de o Or\u00e7amento de 2021 n\u00e3o ter sido aprovado e o governo estar liberando apenas o duod\u00e9cimo (1\/12 avos) dos gastos n\u00e3o obrigat\u00f3rios. Esse contingenciamento acabou a ajudando no resultado positivo do bimestre.<\/span><\/p>\n<p>&nbsp;<\/p>\n<p><span style=\"font-weight: 400\">O governo central engloba Tesouro, Previd\u00eancia Social e Banco Central. Enquanto o deficit do Tesouro ficou em R$ 2,7 bilh\u00f5es no m\u00eas de fevereiro, o da Previd\u00eancia somou R$$ 18,6 bilh\u00f5es. J\u00e1 o BC contabilizou um superavit prim\u00e1rio de R$ 142 bilh\u00f5es.<\/span><\/p>\n<p>&nbsp;<\/p>\n<p>No acumulado do bimestre, conforme os dados do Tesouro contabilizou superavit prim\u00e1rio de R$ 22,3 bilh\u00f5es, dado 17,5% superior, em termos reais. No acumulado em 12 meses at\u00e9 fevereiro, o deficit prim\u00e1rio somou R$ 776,8 bilh\u00f5es, o pior da s\u00e9rie hist\u00f3rica iniciada em 1997. De acordo com Funchal, esse rombo continua equivalente a 10% do PIB, como em 2020. &#8220;S\u00f3 vamos ver uma revers\u00e3o disso no fim deste ano, e, provavelmente, em 2022&#8221;, afirmou.<\/p>\n<p>&nbsp;<\/p>\n<p>O secret\u00e1rio destacou que a maior parte desse deficit \u00e9 decorrente dos rombos das previd\u00eancias do setor p\u00fablico e privado, que somaram R$ 371,6 bilh\u00f5es, o equivalente a 4,8% do PIB, no acumulado em 12 meses at\u00e9 fevereiro.<\/p>\n<p>&nbsp;<\/p>\n","protected":false},"excerpt":{"rendered":"<p>ROSANA HESSEL &nbsp; As contas do governo central encerram o m\u00eas de fevereiro com um deficit prim\u00e1rio de R$ 21,2 bilh\u00f5es, conforme dados divulgados nesta ter\u00e7a-feira (30\/3) pelo Tesouro Nacional. Esse dado ficou 22% abaixo, em termos reais (descontada a infla\u00e7\u00e3o) em rela\u00e7\u00e3o ao rombo de R$ 25,8 bilh\u00f5es contabilizado no segundo m\u00eas de 2020.\u00a0 [&hellip;]<\/p>\n","protected":false},"author":22,"featured_media":17057,"comment_status":"open","ping_status":"closed","sticky":false,"template":"","format":"standard","meta":{"footnotes":""},"categories":[600],"tags":[5313,542,76,5312,560,121],"class_list":["post-17952","post","type-post","status-publish","format-standard","has-post-thumbnail","hentry","category-economia","tag-bruno-funchal","tag-contas-publicas","tag-deficit","tag-resultado-primario","tag-rombo-fiscal","tag-tesouro-nacional"],"_links":{"self":[{"href":"https:\/\/blogs.correiobraziliense.com.br\/vicente\/wp-json\/wp\/v2\/posts\/17952","targetHints":{"allow":["GET"]}}],"collection":[{"href":"https:\/\/blogs.correiobraziliense.com.br\/vicente\/wp-json\/wp\/v2\/posts"}],"about":[{"href":"https:\/\/blogs.correiobraziliense.com.br\/vicente\/wp-json\/wp\/v2\/types\/post"}],"author":[{"embeddable":true,"href":"https:\/\/blogs.correiobraziliense.com.br\/vicente\/wp-json\/wp\/v2\/users\/22"}],"replies":[{"embeddable":true,"href":"https:\/\/blogs.correiobraziliense.com.br\/vicente\/wp-json\/wp\/v2\/comments?post=17952"}],"version-history":[{"count":7,"href":"https:\/\/blogs.correiobraziliense.com.br\/vicente\/wp-json\/wp\/v2\/posts\/17952\/revisions"}],"predecessor-version":[{"id":17959,"href":"https:\/\/blogs.correiobraziliense.com.br\/vicente\/wp-json\/wp\/v2\/posts\/17952\/revisions\/17959"}],"wp:featuredmedia":[{"embeddable":true,"href":"https:\/\/blogs.correiobraziliense.com.br\/vicente\/wp-json\/wp\/v2\/media\/17057"}],"wp:attachment":[{"href":"https:\/\/blogs.correiobraziliense.com.br\/vicente\/wp-json\/wp\/v2\/media?parent=17952"}],"wp:term":[{"taxonomy":"category","embeddable":true,"href":"https:\/\/blogs.correiobraziliense.com.br\/vicente\/wp-json\/wp\/v2\/categories?post=17952"},{"taxonomy":"post_tag","embeddable":true,"href":"https:\/\/blogs.correiobraziliense.com.br\/vicente\/wp-json\/wp\/v2\/tags?post=17952"}],"curies":[{"name":"wp","href":"https:\/\/api.w.org\/{rel}","templated":true}]}}