{"id":17932,"date":"2021-03-30T12:42:29","date_gmt":"2021-03-30T15:42:29","guid":{"rendered":"https:\/\/blogs.correiobraziliense.com.br\/vicente\/?p=17932"},"modified":"2021-03-30T14:16:00","modified_gmt":"2021-03-30T17:16:00","slug":"demissao-dos-chefes-das-forcas-armadas-deixa-quarteis-em-alerta","status":"publish","type":"post","link":"https:\/\/blogs.correiobraziliense.com.br\/vicente\/demissao-dos-chefes-das-forcas-armadas-deixa-quarteis-em-alerta\/","title":{"rendered":"Demiss\u00e3o dos chefes das For\u00e7as Armadas deixa quart\u00e9is em alerta"},"content":{"rendered":"<h2>O Minist\u00e9rio da Defesa anunciou a troca dos comandantes das tr\u00eas For\u00e7as Armadas: Marinha, Ex\u00e9rcito e Aeron\u00e1utica. Foi o jeito encontrado para n\u00e3o deixar o comandante do Ex\u00e9rcito, Edson Pujol, sozinho na chuva. Era uma determina\u00e7\u00e3o do presidente Jair Bolsonaro trocar Pujol. Mas ele acabou mandando demitir os tr\u00eas como sinal de que quem manda \u00e9 ele.<\/h2>\n<p>&nbsp;<\/p>\n<p>Pujol vinha sendo mantido no cargo, mesmo com toda a press\u00e3o de Bolsonaro, por determina\u00e7\u00e3o do ent\u00e3o ministro da Defesa, Fernando Azevedo e Silva. Como ele foi demitido, as portas ficaram abertas para que o presidente da Rep\u00fablica assumisse o comando do Ex\u00e9rcito.<\/p>\n<p>&nbsp;<\/p>\n<p>A meta de Bolsonaro \u00e9 ver as For\u00e7as Armadas, sobretudo o Ex\u00e9rcito, totalmente vinculadas a seu governo. Um perigo, como ressaltou o pr\u00f3prio Azevedo e Silva, que barrou, por diversas vezes, a entrada da pol\u00edtica nos quart\u00e9is. A chegada do general Braga Netto no Minist\u00e9rio da Defesa \u00e9 a senha para a mudan\u00e7a de postura na For\u00e7as.<\/p>\n<p>&nbsp;<\/p>\n<p>A politiza\u00e7\u00e3o dos quart\u00e9is \u00e9 vista com muita apreens\u00e3o no Congresso e no Judici\u00e1rio. Bolsonaro j\u00e1 mostrou, por diversas vezes, o desejo de adotar um tom autorit\u00e1rio em seu governo. Recentemente, disse que &#8220;o meu Ex\u00e9rcito&#8221; atuaria contra as medidas restritivas adotadas por prefeitos e governadores contra a pandemia do novo coronav\u00edrus.<\/p>\n<p>&nbsp;<\/p>\n<p>A demiss\u00e3o dos tr\u00eas chefes da For\u00e7as Armadas, fato in\u00e9dito na Rep\u00fablica, ocorre um dia antes da data marcada como o do golpe militar de 1964. N\u00e3o ser\u00e1 surpresa, portanto, se, nesta quarta-feira (31\/03), o Minist\u00e9rio da Defesa, com Braga Netto, soltar uma nota exaltando o golpe, chamado pelos fardados de &#8220;revolu\u00e7\u00e3o&#8221;. \u00c9 tudo o que Bolsonaro quer.<\/p>\n<p>&nbsp;<\/p>\n<p>A partir de agora, \u00e9 ficar atento aos nomes que ser\u00e3o escolhidos para suceder Edson Pujol no Ex\u00e9rcito, Ilques Barbosa J\u00fanior, na Marinha, e Antonio Carlos Bermudez, na Aeron\u00e1utica. A tend\u00eancia \u00e9 de que os novos comandantes das Tr\u00eas For\u00e7as sejam mais alinhadas a Bolsonaro.<\/p>\n<p>&nbsp;<\/p>\n<p>O clima \u00e9 de tens\u00e3o nos quart\u00e9is. H\u00e1 divis\u00e3o nas tropas. A maior parte do alto escal\u00e3o \u00e9 contra o alinhamento das For\u00e7as ao governo e \u00e0 pol\u00edtica. As bases est\u00e3o quase que totalmente fechadas com o bolsonarismo.<\/p>\n<p>&nbsp;<\/p>\n<p><em>Bras\u00edlia, 12h42min<\/em><\/p>\n","protected":false},"excerpt":{"rendered":"<p>O Minist\u00e9rio da Defesa anunciou a troca dos comandantes das tr\u00eas For\u00e7as Armadas: Marinha, Ex\u00e9rcito e Aeron\u00e1utica. Foi o jeito encontrado para n\u00e3o deixar o comandante do Ex\u00e9rcito, Edson Pujol, sozinho na chuva. Era uma determina\u00e7\u00e3o do presidente Jair Bolsonaro trocar Pujol. Mas ele acabou mandando demitir os tr\u00eas como sinal de que quem manda [&hellip;]<\/p>\n","protected":false},"author":22,"featured_media":14967,"comment_status":"open","ping_status":"closed","sticky":false,"template":"","format":"standard","meta":{"footnotes":""},"categories":[600],"tags":[926,5311,2526,2787],"class_list":["post-17932","post","type-post","status-publish","format-standard","has-post-thumbnail","hentry","category-economia","tag-brasilia","tag-demissao-dos-chefes-das-forcas-armadas-deixam-quarteis-em-alerta","tag-poder","tag-politica"],"_links":{"self":[{"href":"https:\/\/blogs.correiobraziliense.com.br\/vicente\/wp-json\/wp\/v2\/posts\/17932","targetHints":{"allow":["GET"]}}],"collection":[{"href":"https:\/\/blogs.correiobraziliense.com.br\/vicente\/wp-json\/wp\/v2\/posts"}],"about":[{"href":"https:\/\/blogs.correiobraziliense.com.br\/vicente\/wp-json\/wp\/v2\/types\/post"}],"author":[{"embeddable":true,"href":"https:\/\/blogs.correiobraziliense.com.br\/vicente\/wp-json\/wp\/v2\/users\/22"}],"replies":[{"embeddable":true,"href":"https:\/\/blogs.correiobraziliense.com.br\/vicente\/wp-json\/wp\/v2\/comments?post=17932"}],"version-history":[{"count":14,"href":"https:\/\/blogs.correiobraziliense.com.br\/vicente\/wp-json\/wp\/v2\/posts\/17932\/revisions"}],"predecessor-version":[{"id":17949,"href":"https:\/\/blogs.correiobraziliense.com.br\/vicente\/wp-json\/wp\/v2\/posts\/17932\/revisions\/17949"}],"wp:featuredmedia":[{"embeddable":true,"href":"https:\/\/blogs.correiobraziliense.com.br\/vicente\/wp-json\/wp\/v2\/media\/14967"}],"wp:attachment":[{"href":"https:\/\/blogs.correiobraziliense.com.br\/vicente\/wp-json\/wp\/v2\/media?parent=17932"}],"wp:term":[{"taxonomy":"category","embeddable":true,"href":"https:\/\/blogs.correiobraziliense.com.br\/vicente\/wp-json\/wp\/v2\/categories?post=17932"},{"taxonomy":"post_tag","embeddable":true,"href":"https:\/\/blogs.correiobraziliense.com.br\/vicente\/wp-json\/wp\/v2\/tags?post=17932"}],"curies":[{"name":"wp","href":"https:\/\/api.w.org\/{rel}","templated":true}]}}