{"id":1793,"date":"2016-07-03T18:38:55","date_gmt":"2016-07-03T21:38:55","guid":{"rendered":"https:\/\/blogs.correiobraziliense.com.br\/vicente\/?p=1793"},"modified":"2016-07-08T09:27:46","modified_gmt":"2016-07-08T12:27:46","slug":"henrique-meirelles-ou-joaquim-levy-2","status":"publish","type":"post","link":"https:\/\/blogs.correiobraziliense.com.br\/vicente\/henrique-meirelles-ou-joaquim-levy-2\/","title":{"rendered":"Henrique Meirelles ou Joaquim Levy 2?"},"content":{"rendered":"<p>Nos \u00faltimo dias, assessores do ministro da Fazenda, Herique Meirelles, fizeram uma grande ofensiva junto a formadores de opini\u00e3o para tentar dispersar a vis\u00e3o de que o chefe da equipe econ\u00f4mica havia rasgado o compromisso com o ajuste fiscal.\u00a0Instalou-se entre os agentes econ\u00f4micos a percep\u00e7\u00e3o de que, pelo projeto de poder, o presidente interino, Michel Temer, estava disposto a tudo, inclusive a repetir os erros de Dilma Rousseff lan\u00e7ando m\u00e3o de pacotes de bondades que v\u00e3o custar mais de R$ 125 bilh\u00f5es.<\/p>\n<p>&nbsp;<\/p>\n<p>Em telefonemas e em conversas pessoais, assessores de Meirelles tentavam mostrar que tudo o que foi anunciado por Temer estava dentro do previsto e que o compromisso com o ajuste fiscal est\u00e1 mantido. Questionados, pediam paci\u00eancia, alegando que o momento pol\u00edtico exige serenidade, e garantiam que, a partir de 2017, tudo ser\u00e1 diferente. Tudo o que Meirelles prometeu se tornaria realidade.<\/p>\n<p>&nbsp;<\/p>\n<p>A opera\u00e7\u00e3o abafa da Fazenda acalmou os \u00e2nimos de alguns, mas n\u00e3o dirimiu as d\u00favidas da maioria. N\u00e3o sem raz\u00e3o. Analistas mais cr\u00edticos, desprovidos de vi\u00e9s ideol\u00f3gico, t\u00eam mapeado todas as declara\u00e7\u00f5es de Meirelles. E confrontado todas elas com a realidade. Na maioria dos casos, \u00e9 poss\u00edvel ver que o ministro da Fazenda sofreu derrotas acachapantes. A posi\u00e7\u00e3o pol\u00edtica do Pal\u00e1cio do Planalto prevaleceu.<\/p>\n<p>&nbsp;<\/p>\n<p>Assim que tomou posse, Meirelles disse que nomearia pessoas t\u00e9cnicas para os bancos oficiais, mas teve que engolir Gilberto Occhi, indicado pelo PP, na presid\u00eancia da Caixa Econ\u00f4mica Federal. Afirmou que n\u00e3o havia como o governo aceitar as condi\u00e7\u00f5es impostas pelos governadores para renegociar as d\u00edvidas dos estados. Por\u00e9m, foi obrigado a aceitar uma fatura de R$ 50 bilh\u00f5es sob o argumento de Temer de necessidade de apoio no Congresso para a aprova\u00e7\u00e3o definitiva do impeachment de Dilma Rousseff.<\/p>\n<p>&nbsp;<\/p>\n<p>Tentou, logo no primeiro an\u00fancio de medidas do governo, anunciar eleva\u00e7\u00e3o de impostos para fazer um ajuste fiscal mais r\u00e1pido. Contudo, teve que encampar uma s\u00e9rie de aumentos de gastos que ampliaram a meta de rombo nas contas p\u00fablicas neste ano para R$ 170,5 bilh\u00f5es. Com isso, sinalizou que o ajuste fiscal havia ficado para depois.<\/p>\n<p>&nbsp;<\/p>\n<p>\u00c9 verdade que Meirelles conversa com Temer todos os dias, v\u00e1rias vezes ao dia, como dizem seus assessores, para refor\u00e7ar a proximidade do ministro com o presidente interino. Isso n\u00e3o quer dizer, por\u00e9m, que Meirelles tenha todo o poder que tenta demostrar.<\/p>\n<p>&nbsp;<\/p>\n<p>Para t\u00e9cnicos importantes do governo, que conhecem a m\u00e1quina p\u00fablica profundamente e os meandros de pol\u00edtica, o ministro da Fazenda deve ficar esperto. Ele faz um bom marketing pessoal, mas, dois meses depois de assumir o ao mais importante da Esplanada dos Minist\u00e9rios, Meirelles est\u00e1 ficando muito parecido com Joaquim Levy, que vestiu a fantasia de superministro, foi sendo esvaziado e acabou saindo pelas portas dos fundos com fama de incompetente.<\/p>\n<p>&nbsp;<\/p>\n<p><i>Bras\u00edlia, 18h38min<\/i><\/p>\n","protected":false},"excerpt":{"rendered":"<p>Nos \u00faltimo dias, assessores do ministro da Fazenda, Herique Meirelles, fizeram uma grande ofensiva junto a formadores de opini\u00e3o para tentar dispersar a vis\u00e3o de que o chefe da equipe econ\u00f4mica havia rasgado o compromisso com o ajuste fiscal.\u00a0Instalou-se entre os agentes econ\u00f4micos a percep\u00e7\u00e3o de que, pelo projeto de poder, o presidente interino, Michel [&hellip;]<\/p>\n","protected":false},"author":22,"featured_media":0,"comment_status":"open","ping_status":"closed","sticky":false,"template":"","format":"standard","meta":{"footnotes":""},"categories":[600,1],"tags":[105,536,21,15,111,19],"class_list":["post-1793","post","type-post","status-publish","format-standard","hentry","category-economia","category-sem-categoria","tag-desconfianca","tag-fragilidade","tag-henrique-meirelles","tag-joaquim-levy","tag-michel-temer","tag-ministerio-da-fazenda"],"_links":{"self":[{"href":"https:\/\/blogs.correiobraziliense.com.br\/vicente\/wp-json\/wp\/v2\/posts\/1793","targetHints":{"allow":["GET"]}}],"collection":[{"href":"https:\/\/blogs.correiobraziliense.com.br\/vicente\/wp-json\/wp\/v2\/posts"}],"about":[{"href":"https:\/\/blogs.correiobraziliense.com.br\/vicente\/wp-json\/wp\/v2\/types\/post"}],"author":[{"embeddable":true,"href":"https:\/\/blogs.correiobraziliense.com.br\/vicente\/wp-json\/wp\/v2\/users\/22"}],"replies":[{"embeddable":true,"href":"https:\/\/blogs.correiobraziliense.com.br\/vicente\/wp-json\/wp\/v2\/comments?post=1793"}],"version-history":[{"count":2,"href":"https:\/\/blogs.correiobraziliense.com.br\/vicente\/wp-json\/wp\/v2\/posts\/1793\/revisions"}],"predecessor-version":[{"id":1795,"href":"https:\/\/blogs.correiobraziliense.com.br\/vicente\/wp-json\/wp\/v2\/posts\/1793\/revisions\/1795"}],"wp:attachment":[{"href":"https:\/\/blogs.correiobraziliense.com.br\/vicente\/wp-json\/wp\/v2\/media?parent=1793"}],"wp:term":[{"taxonomy":"category","embeddable":true,"href":"https:\/\/blogs.correiobraziliense.com.br\/vicente\/wp-json\/wp\/v2\/categories?post=1793"},{"taxonomy":"post_tag","embeddable":true,"href":"https:\/\/blogs.correiobraziliense.com.br\/vicente\/wp-json\/wp\/v2\/tags?post=1793"}],"curies":[{"name":"wp","href":"https:\/\/api.w.org\/{rel}","templated":true}]}}