{"id":17924,"date":"2021-03-30T10:47:33","date_gmt":"2021-03-30T13:47:33","guid":{"rendered":"https:\/\/blogs.correiobraziliense.com.br\/vicente\/?p=17924"},"modified":"2021-03-30T20:46:22","modified_gmt":"2021-03-30T23:46:22","slug":"fgv-inflacao-do-aluguel-sobe-294-em-marco-e-dispara-311-em-12-meses","status":"publish","type":"post","link":"https:\/\/blogs.correiobraziliense.com.br\/vicente\/fgv-inflacao-do-aluguel-sobe-294-em-marco-e-dispara-311-em-12-meses\/","title":{"rendered":"FGV: Infla\u00e7\u00e3o do aluguel sobe 2,94%, em mar\u00e7o, e dispara 31,1%, em 12 meses"},"content":{"rendered":"<h2><span style=\"font-weight: 400\">ROSANA HESSEL<\/span><\/h2>\n<h2><\/h2>\n<h2><span style=\"font-weight: 400\">O \u00cdndice Geral de Pre\u00e7os \u2013 Mercado (IGP-M) , indicador utilizado para a corre\u00e7\u00e3o do aluguel, teve alta de 2,94% em mar\u00e7o, acelerando em rela\u00e7\u00e3o \u00e0 varia\u00e7\u00e3o de 2,53% de fevereiro, conforme dados do Instituto Brasileiro de Economia da Funda\u00e7\u00e3o Getulio Vargas (FGV Ibre). O resultado ficou abaixo da mediana das estimativas do mercado, de 3,02%, mas\u00a0<\/span><span style=\"font-weight: 400\">foi a maior alta para os meses de mar\u00e7o registrada pela entidade desde mar\u00e7o de 1995.<\/span><\/h2>\n<h2><\/h2>\n<p>&#8220;Esse IGP-M de mar\u00e7o \u00e9 o mais elevado desde o in\u00edcio do Plano Real&#8221;, afirmou <span style=\"font-weight: 400\">o economista Andr\u00e9 Braz, coordenador do \u00cdndice de Pre\u00e7os do FGV Ibre, em entrevista ao <strong>Blog<\/strong>. O plano de estabiliza\u00e7\u00e3o de pre\u00e7os comandado pelo ent\u00e3o ministro da Fazenda Fernando Henrique Cardoso foi iniciado oficialmente em julho de 2014. Segundo ele, em\u00a0<\/span>mar\u00e7o de 1995, a taxa do IGP-M foi de 1,12%.<\/p>\n<p>&nbsp;<\/p>\n<p><span style=\"font-weight: 400\">No ano, o IGP-M acumulou eleva\u00e7\u00e3o de 8,26% e, em 12 meses, o salto do indicador passou de 30%, chegando a 31,1% &#8212; o maior patamar desde maio de 2003, de acordo com Braz. Em mar\u00e7o de 2020, subiu 1,24% e acumulava alta de 6,81% em 12 meses.\u00a0\u00a0<\/span><\/p>\n<p>&nbsp;<\/p>\n<p>\u201cO IGP-M de mar\u00e7o recebeu influ\u00eancias diversas mostrando que os pre\u00e7os das mat\u00e9rias-primas, mesmo subindo menos agora, ainda desafiam a cadeia produtiva fazendo com que os pre\u00e7os de bens intermedi\u00e1rios e bens finais continuem subindo\u201d, explicou Braz.\u00a0Segundo ele, os combust\u00edveis tamb\u00e9m responderam \u201cpor parte importante da acelera\u00e7\u00e3o de mar\u00e7o do \u00cdndice de Pre\u00e7os ao Produtor Amplo (IPA) do \u00cdndice de Pre\u00e7os ao Consumidor (IPC)\u201d, que antecipa a infla\u00e7\u00e3o oficial, medida pelo \u00cdndice de Pre\u00e7os ao Consumidor Amplo (IPCA) &#8212; levantado mensalmente pelo Instituto Brasileiro de Geografia e Estat\u00edstica (IBGE).<\/p>\n<p>&nbsp;<\/p>\n<p>O relat\u00f3rio semanal Focus, do Banco Central, vem mostrando que a mediana das estimativas do mercado para o IPCA est\u00e1 sendo corrigida para cima h\u00e1 oito semanas consecutivas. No \u00faltimo dado, divulgado ontem, passou de 4,75% para 4,9%. Esse percentual j\u00e1 fica acima do centro da meta de infla\u00e7\u00e3o, de 3,75%, determinada pelo Conselho Monet\u00e1rio Nacional (CMN), mas dentro da margem de toler\u00e2ncia que tem um teto de 5,25%.<\/p>\n<p>&nbsp;<\/p>\n<p>Os dados do IGP-M de mar\u00e7o s\u00e3o referentes ao intervalo entre o dia 21 de fevereiro e o dia 20 de mar\u00e7o. E, nesse per\u00edodo, o IPC-M acumulou alta de 0,98%. Contudo, pelas estimativas de Braz, o IPC no m\u00eas de mar\u00e7o, que \u00e9 divulgado no in\u00edcio de abril, considerando os dados do m\u00eas fechado, dever\u00e1 registrar alta de 1,1%, taxa que dever\u00e1 ser parecida no IPCA. \u201cSe os combust\u00edveis n\u00e3o subirem, em abril, a infla\u00e7\u00e3o pode arrefecer um pouco, principalmente para\u00a0 o consumidor\u201d, disse.<\/p>\n<p>&nbsp;<\/p>\n<p><span style=\"font-weight: 400\">Para o economista-chefe da Necton Investimentos, Andr\u00e9 Perfeito, que esperava eleva\u00e7\u00e3o de 3,10% no IGP-M, o resultado de mar\u00e7o ficou abaixo das expectativas, \u201cmas representa uma alta relevante\u201d. Diante desse dado, ele refor\u00e7ou as apostas de que o Banco Central dever\u00e1 elevar a taxa b\u00e1sica de juros (Selic) em 100 pontos-base em maio em vez de mais uma alta de 0,75 ponto percentual sinalizado no comunicado do Comit\u00ea de Pol\u00edtica Monet\u00e1ria. <\/span><\/p>\n<p>&nbsp;<\/p>\n<p><span style=\"font-weight: 400\">\u201cO IPA, pre\u00e7os no atacado, subiu nada menos que 3,56% no m\u00eas puxado por bens industriais. No entanto, a surpresa ficou com o IPC, que subiu 0,98% no m\u00eas contra 0,35% no m\u00eas anterior\u201d, destacou Perfeito. \u201cEst\u00e1 evidente que a din\u00e2mica inflacion\u00e1ria ganhou momento e se retroalimenta e isto exigiria uma atitude mais austera do Banco Central\u201d, acrescentou ele, que aposta na Selic fechando em 6% no fim do ano. A mediana das previs\u00f5es do mercado para a taxa b\u00e1sica est\u00e1 em 5%.<\/span><\/p>\n<p>&nbsp;<\/p>\n<p><strong>Acelera\u00e7\u00e3o generalizada<\/strong><\/p>\n<p>&nbsp;<\/p>\n<p><span style=\"font-weight: 400\">Conforme os dados do FGV Ibre, todos os componentes do IGP-M registraram acelera\u00e7\u00e3o.\u00a0<\/span><span style=\"font-weight: 400\">O IPA avan\u00e7ou 3,56% em mar\u00e7o, ante a alta de 3,28% no m\u00eas anterior. O Os pre\u00e7os das mat\u00e9rias-primas, que continuam em alta, especialmente, por conta da valoriza\u00e7\u00e3o do d\u00f3lar que j\u00e1 encosta em R$ 5,80 devido \u00e0s incertezas internas, tem impactado na varia\u00e7\u00e3o entre fevereiro e mar\u00e7o de pre\u00e7os de bens intermedi\u00e1rios (de 4,67% para 6,33%) e de bens finais (de 1,25% par 2,5%), segundo Braz. Ele lembrou que o aumento nos pre\u00e7os dos combust\u00edveis tamb\u00e9m tiveram contribui\u00e7\u00e3o nesses indicadores de pre\u00e7os ao produtor e ao consumidor.<\/span><\/p>\n<p><span style=\"font-weight: 400\">\u00a0<\/span><\/p>\n<p><span style=\"font-weight: 400\">No caso do IPC, quatro das oito classes de despesa componentes do \u00edndice ao consumidor registraram acr\u00e9scimo em suas taxas de varia\u00e7\u00e3o. A principal contribui\u00e7\u00e3o partiu do grupo Transportes (1,45% para 3,97%). Nesta classe de despesa, vale citar o comportamento do item gasolina, cuja taxa passou de 4,42% em fevereiro para 11,33% em mar\u00e7o.<\/span><\/p>\n<p>&nbsp;<\/p>\n<p><span style=\"font-weight: 400\">O \u00cdndice Nacional de Custo da Constru\u00e7\u00e3o (INCC) subiu 2% em mar\u00e7o, ante 1,07% no m\u00eas anterior. Dois dos tr\u00eas grupos componentes do INCC apresentaram acelera\u00e7\u00e3o nos pre\u00e7os, entre fevereiro e mar\u00e7o: Materiais e Equipamentos, de 2,39% para 4,44% e M\u00e3o de Obra, de 0,03% para 0,28%. Enquanto isso, a alta de Servi\u00e7os passou de 1,05% para 0,69%.\u00a0\u00a0<\/span><\/p>\n<p>&nbsp;<\/p>\n<p><strong>Veja abaixo a escalada do IGP-M:<\/strong><\/p>\n<p><a href=\"https:\/\/blogs.correiobraziliense.com.br\/vicente\/wp-content\/uploads\/sites\/16\/2021\/03\/WhatsApp-Image-2021-03-30-at-12.21.39.jpeg\"><img loading=\"lazy\" decoding=\"async\" class=\"alignnone size-large wp-image-17929\" src=\"https:\/\/blogs.correiobraziliense.com.br\/vicente\/wp-content\/uploads\/sites\/16\/2021\/03\/WhatsApp-Image-2021-03-30-at-12.21.39-1024x575.jpeg\" alt=\"\" width=\"1024\" height=\"575\" \/><\/a><\/p>\n<p>&nbsp;<\/p>\n","protected":false},"excerpt":{"rendered":"<p>ROSANA HESSEL O \u00cdndice Geral de Pre\u00e7os \u2013 Mercado (IGP-M) , indicador utilizado para a corre\u00e7\u00e3o do aluguel, teve alta de 2,94% em mar\u00e7o, acelerando em rela\u00e7\u00e3o \u00e0 varia\u00e7\u00e3o de 2,53% de fevereiro, conforme dados do Instituto Brasileiro de Economia da Funda\u00e7\u00e3o Getulio Vargas (FGV Ibre). O resultado ficou abaixo da mediana das estimativas do [&hellip;]<\/p>\n","protected":false},"author":22,"featured_media":16260,"comment_status":"open","ping_status":"closed","sticky":false,"template":"","format":"standard","meta":{"footnotes":""},"categories":[600],"tags":[4979,4984,4983,4985,14,1213,181],"class_list":["post-17924","post","type-post","status-publish","format-standard","has-post-thumbnail","hentry","category-economia","tag-aluguel","tag-andre-braz","tag-fgv-ibre","tag-igp-m","tag-inflacao","tag-ipca","tag-recorde"],"_links":{"self":[{"href":"https:\/\/blogs.correiobraziliense.com.br\/vicente\/wp-json\/wp\/v2\/posts\/17924","targetHints":{"allow":["GET"]}}],"collection":[{"href":"https:\/\/blogs.correiobraziliense.com.br\/vicente\/wp-json\/wp\/v2\/posts"}],"about":[{"href":"https:\/\/blogs.correiobraziliense.com.br\/vicente\/wp-json\/wp\/v2\/types\/post"}],"author":[{"embeddable":true,"href":"https:\/\/blogs.correiobraziliense.com.br\/vicente\/wp-json\/wp\/v2\/users\/22"}],"replies":[{"embeddable":true,"href":"https:\/\/blogs.correiobraziliense.com.br\/vicente\/wp-json\/wp\/v2\/comments?post=17924"}],"version-history":[{"count":10,"href":"https:\/\/blogs.correiobraziliense.com.br\/vicente\/wp-json\/wp\/v2\/posts\/17924\/revisions"}],"predecessor-version":[{"id":17973,"href":"https:\/\/blogs.correiobraziliense.com.br\/vicente\/wp-json\/wp\/v2\/posts\/17924\/revisions\/17973"}],"wp:featuredmedia":[{"embeddable":true,"href":"https:\/\/blogs.correiobraziliense.com.br\/vicente\/wp-json\/wp\/v2\/media\/16260"}],"wp:attachment":[{"href":"https:\/\/blogs.correiobraziliense.com.br\/vicente\/wp-json\/wp\/v2\/media?parent=17924"}],"wp:term":[{"taxonomy":"category","embeddable":true,"href":"https:\/\/blogs.correiobraziliense.com.br\/vicente\/wp-json\/wp\/v2\/categories?post=17924"},{"taxonomy":"post_tag","embeddable":true,"href":"https:\/\/blogs.correiobraziliense.com.br\/vicente\/wp-json\/wp\/v2\/tags?post=17924"}],"curies":[{"name":"wp","href":"https:\/\/api.w.org\/{rel}","templated":true}]}}