{"id":17921,"date":"2021-03-29T21:31:18","date_gmt":"2021-03-30T00:31:18","guid":{"rendered":"https:\/\/blogs.correiobraziliense.com.br\/vicente\/?p=17921"},"modified":"2021-03-29T22:27:03","modified_gmt":"2021-03-30T01:27:03","slug":"braga-netto-se-reunira-com-comandantes-da-forcas-armadas-pujol-deve-deixar-o-exercito","status":"publish","type":"post","link":"https:\/\/blogs.correiobraziliense.com.br\/vicente\/braga-netto-se-reunira-com-comandantes-da-forcas-armadas-pujol-deve-deixar-o-exercito\/","title":{"rendered":"Braga Netto se reunir\u00e1 com comandantes da For\u00e7as Armadas. Pujol deve deixar o Ex\u00e9rcito"},"content":{"rendered":"<h2>O novo ministro da Defesa, Braga Netto, tem encontro marcado com os comandantes das For\u00e7as Armadas nesta ter\u00e7a-feira (30\/03), \u00e0s 8h30.\u00a0 Mas, antes mesmo dessa conversa formal, o general Edson Leal Pujol, do Ex\u00e9rcito, foi avisado que dever\u00e1 deixar cargo. O presidente Jair Bolsonaro est\u00e1 irredut\u00edvel em rela\u00e7\u00e3o a isso.<\/h2>\n<p>&nbsp;<\/p>\n<p>Os comandantes da Marinha,\u00a0Ilques Barbosa Junior, e da Aeron\u00e1utica,\u00a0Ant\u00f4nio Carlos Muaretti Bermudez, podem continuar em suas fun\u00e7\u00f5es, se assim desejarem. Mas, no Ex\u00e9rcito, a ordem expressa do Planalto \u00e9 por mudan\u00e7a. N\u00e3o h\u00e1 mais di\u00e1logo entre o presidente e Pujol, que \u00e9 contra a politiza\u00e7\u00e3o nos quart\u00e9is e defende medidas r\u00edgidas contra a pandemia do novo coronav\u00edrus.<\/p>\n<p>&nbsp;<\/p>\n<p>Pela regras em vigor, os tr\u00eas comandantes, que s\u00e3o escolhidos por meio de listas tr\u00edplices, podem renunciar aos cargos. S\u00e3o fun\u00e7\u00f5es pol\u00edticas. Esse movimento est\u00e1 colocado entre as alternativas. Tudo vai depender da conversa com Braga Netto, que pedir\u00e1 um voto de confian\u00e7a.<\/p>\n<p>&nbsp;<\/p>\n<p>O general Fernando Azevedo e Silva, demitido do Minist\u00e9rio da Defesa nesta segunda-feira (29\/03), era o \u00faltimo anteparo para a retirada de Pujol do comando do Ex\u00e9rcito. O agora ex-ministro vinha sendo cobrado por Bolsonaro para tirar Pujol da For\u00e7a. Como ele caiu, ser\u00e1 natural que o comandante do Ex\u00e9rcito tamb\u00e9m caia.<\/p>\n<p>&nbsp;<\/p>\n<p>A press\u00e3o pela demiss\u00e3o de Pujol aumentou muito nas \u00faltimas duas semanas. Bolsonaro queria que o Ex\u00e9rcito fosse mais pr\u00f3-governo, com demonstra\u00e7\u00f5es p\u00fablicas nesse sentido, mesmo em rela\u00e7\u00e3o a falas absurdas como a ado\u00e7\u00e3o de um estado de s\u00edtio, o que \u00e9 refutado tanto por Azevedo e Silva quanto por Pujol, contr\u00e1rios a posicionamentos pol\u00edticos por meio das For\u00e7as Armadas.<\/p>\n<p>&nbsp;<\/p>\n<p>Bolsonaro se sentiu tra\u00eddo. Chamou Azevedo e Silva para uma conversa no Planalto, \u00e0s 14h, n\u00e3o lhe deu nem cinco minutos de conversa e o demitiu. A decis\u00e3o do presidente da Rep\u00fablica pegou todos no entorno do general de surpresa, pois ele era um dos integrantes do governo que mais defendia Bolsonaro.<\/p>\n<p>&nbsp;<\/p>\n<p><em>Bras\u00edlia, 21h31min<\/em><\/p>\n","protected":false},"excerpt":{"rendered":"<p>O novo ministro da Defesa, Braga Netto, tem encontro marcado com os comandantes das For\u00e7as Armadas nesta ter\u00e7a-feira (30\/03), \u00e0s 8h30.\u00a0 Mas, antes mesmo dessa conversa formal, o general Edson Leal Pujol, do Ex\u00e9rcito, foi avisado que dever\u00e1 deixar cargo. O presidente Jair Bolsonaro est\u00e1 irredut\u00edvel em rela\u00e7\u00e3o a isso. &nbsp; Os comandantes da Marinha,\u00a0Ilques [&hellip;]<\/p>\n","protected":false},"author":22,"featured_media":14290,"comment_status":"open","ping_status":"closed","sticky":false,"template":"","format":"standard","meta":{"footnotes":""},"categories":[600],"tags":[5310,926,2526,2787],"class_list":["post-17921","post","type-post","status-publish","format-standard","has-post-thumbnail","hentry","category-economia","tag-braga-netto-se-reunira-com-comandantes-da-forcas-armadas-pujol-deve-deixar-o-exercito","tag-brasilia","tag-poder","tag-politica"],"_links":{"self":[{"href":"https:\/\/blogs.correiobraziliense.com.br\/vicente\/wp-json\/wp\/v2\/posts\/17921","targetHints":{"allow":["GET"]}}],"collection":[{"href":"https:\/\/blogs.correiobraziliense.com.br\/vicente\/wp-json\/wp\/v2\/posts"}],"about":[{"href":"https:\/\/blogs.correiobraziliense.com.br\/vicente\/wp-json\/wp\/v2\/types\/post"}],"author":[{"embeddable":true,"href":"https:\/\/blogs.correiobraziliense.com.br\/vicente\/wp-json\/wp\/v2\/users\/22"}],"replies":[{"embeddable":true,"href":"https:\/\/blogs.correiobraziliense.com.br\/vicente\/wp-json\/wp\/v2\/comments?post=17921"}],"version-history":[{"count":1,"href":"https:\/\/blogs.correiobraziliense.com.br\/vicente\/wp-json\/wp\/v2\/posts\/17921\/revisions"}],"predecessor-version":[{"id":17922,"href":"https:\/\/blogs.correiobraziliense.com.br\/vicente\/wp-json\/wp\/v2\/posts\/17921\/revisions\/17922"}],"wp:featuredmedia":[{"embeddable":true,"href":"https:\/\/blogs.correiobraziliense.com.br\/vicente\/wp-json\/wp\/v2\/media\/14290"}],"wp:attachment":[{"href":"https:\/\/blogs.correiobraziliense.com.br\/vicente\/wp-json\/wp\/v2\/media?parent=17921"}],"wp:term":[{"taxonomy":"category","embeddable":true,"href":"https:\/\/blogs.correiobraziliense.com.br\/vicente\/wp-json\/wp\/v2\/categories?post=17921"},{"taxonomy":"post_tag","embeddable":true,"href":"https:\/\/blogs.correiobraziliense.com.br\/vicente\/wp-json\/wp\/v2\/tags?post=17921"}],"curies":[{"name":"wp","href":"https:\/\/api.w.org\/{rel}","templated":true}]}}