{"id":17906,"date":"2021-03-29T17:21:32","date_gmt":"2021-03-29T20:21:32","guid":{"rendered":"https:\/\/blogs.correiobraziliense.com.br\/vicente\/?p=17906"},"modified":"2021-03-29T18:42:45","modified_gmt":"2021-03-29T21:42:45","slug":"depois-de-demitir-ministro-da-defesa-bolsonaro-quer-agora-a-cabeca-de-comandante-do-exercito","status":"publish","type":"post","link":"https:\/\/blogs.correiobraziliense.com.br\/vicente\/depois-de-demitir-ministro-da-defesa-bolsonaro-quer-agora-a-cabeca-de-comandante-do-exercito\/","title":{"rendered":"Depois de demitir ministro da Defesa, Bolsonaro quer, agora, a cabe\u00e7a de comandante do Ex\u00e9rcito"},"content":{"rendered":"<h2>No que depender do presidente Jair Bolsonaro, as mudan\u00e7as na \u00e1rea militar n\u00e3o se concentrar\u00e3o na demiss\u00e3o do general Fernando Azevedo e Silva do Minist\u00e9rio da Defesa. O presidente tamb\u00e9m quer a cabe\u00e7a do general Edson Pujol, comandante do Ex\u00e9rcito. Para Bolsonaro, as For\u00e7as n\u00e3o est\u00e3o alinhadas com o governo, como ele quer.<\/h2>\n<p>&nbsp;<\/p>\n<p>O presidente da Rep\u00fablica j\u00e1 tentou tirar Pujol do comando do Ex\u00e9rcito no ano passado, diante da resist\u00eancia do general em levar a pol\u00edtica para dentro dos quart\u00e9is. Azevedo e Silva n\u00e3o concordou com a troca no Ex\u00e9rcito. Bolsonaro acredita que, com Braga Netto \u00e0 frente do Minist\u00e9rio da Defesa, ser\u00e1 mais f\u00e1cil se livrar de Pujol.<\/p>\n<p>&nbsp;<\/p>\n<p>O presidente quer usar as For\u00e7as Armadas como instrumento do governo. E h\u00e1 uma enorme resist\u00eancia do pessoal da ativa em ceder \u00e0s press\u00f5es de Bolsonaro. Azevedo e Silva sempre ressaltou que, dos muros dos quart\u00e9is para fora, o assunto era com ele e com Bolsonaro. Dos quart\u00e9is para dentro, \u00e9 com os comandantes das For\u00e7as.<\/p>\n<p>&nbsp;<\/p>\n<p>A gota d&#8217;\u00e1gua para a demiss\u00e3o de Azevedo e o desejo de demitir Pujol foi a entrevista dada ao <strong>Correio<\/strong> pelo general Paulo S\u00e9rgio, chefe da \u00e1rea de Sa\u00fade do Ex\u00e9rcito, na qual ele disse que a For\u00e7a est\u00e1 preparada para uma terceira onda da covid. O general Paulo S\u00e9rgio ressaltou todas as medidas de seguran\u00e7a adotadas nos quart\u00e9is, que v\u00e3o contra as determina\u00e7\u00f5es de Bolsonaro.<\/p>\n<p>&nbsp;<\/p>\n<p>Quem conversou com Azevedo e Silva diz que ele est\u00e1 tranquilo, pois foi leal com o presidente da Rep\u00fablica e com os comandantes das For\u00e7as Armadas, com os quais conversa pelo menos tr\u00eas vezes por semana. O agora ex-ministro da Defesa afirma a interlocutores que j\u00e1 pressentia sua demiss\u00e3o, diante do aumento da obsess\u00e3o de Bolsonaro por ter maior interven\u00e7\u00e3o nas For\u00e7as.<\/p>\n<p>&nbsp;<\/p>\n<p>N\u00e3o ser\u00e1 f\u00e1cil para Bolsonaro tirar Pujol do comando do Ex\u00e9rcito. Os generais da ativa j\u00e1 est\u00e3o se movimentando para criar um cord\u00e3o de isolamento em torno dele. Se o pr\u00f3ximo ministro da Defesa insistir nessa empreitadas, comprar\u00e1 uma briga grande.<\/p>\n","protected":false},"excerpt":{"rendered":"<p>No que depender do presidente Jair Bolsonaro, as mudan\u00e7as na \u00e1rea militar n\u00e3o se concentrar\u00e3o na demiss\u00e3o do general Fernando Azevedo e Silva do Minist\u00e9rio da Defesa. O presidente tamb\u00e9m quer a cabe\u00e7a do general Edson Pujol, comandante do Ex\u00e9rcito. Para Bolsonaro, as For\u00e7as n\u00e3o est\u00e3o alinhadas com o governo, como ele quer. &nbsp; O [&hellip;]<\/p>\n","protected":false},"author":22,"featured_media":14408,"comment_status":"open","ping_status":"closed","sticky":false,"template":"","format":"standard","meta":{"footnotes":""},"categories":[600],"tags":[5309,5308,5307,926,5306,2526,2787],"class_list":["post-17906","post","type-post","status-publish","format-standard","has-post-thumbnail","hentry","category-economia","tag-a-cabeca-de-comandante-do-exercito","tag-agora","tag-bolsonaro-quer","tag-brasilia","tag-depois-de-demitir-ministro-da-defesa","tag-poder","tag-politica"],"_links":{"self":[{"href":"https:\/\/blogs.correiobraziliense.com.br\/vicente\/wp-json\/wp\/v2\/posts\/17906","targetHints":{"allow":["GET"]}}],"collection":[{"href":"https:\/\/blogs.correiobraziliense.com.br\/vicente\/wp-json\/wp\/v2\/posts"}],"about":[{"href":"https:\/\/blogs.correiobraziliense.com.br\/vicente\/wp-json\/wp\/v2\/types\/post"}],"author":[{"embeddable":true,"href":"https:\/\/blogs.correiobraziliense.com.br\/vicente\/wp-json\/wp\/v2\/users\/22"}],"replies":[{"embeddable":true,"href":"https:\/\/blogs.correiobraziliense.com.br\/vicente\/wp-json\/wp\/v2\/comments?post=17906"}],"version-history":[{"count":5,"href":"https:\/\/blogs.correiobraziliense.com.br\/vicente\/wp-json\/wp\/v2\/posts\/17906\/revisions"}],"predecessor-version":[{"id":17914,"href":"https:\/\/blogs.correiobraziliense.com.br\/vicente\/wp-json\/wp\/v2\/posts\/17906\/revisions\/17914"}],"wp:featuredmedia":[{"embeddable":true,"href":"https:\/\/blogs.correiobraziliense.com.br\/vicente\/wp-json\/wp\/v2\/media\/14408"}],"wp:attachment":[{"href":"https:\/\/blogs.correiobraziliense.com.br\/vicente\/wp-json\/wp\/v2\/media?parent=17906"}],"wp:term":[{"taxonomy":"category","embeddable":true,"href":"https:\/\/blogs.correiobraziliense.com.br\/vicente\/wp-json\/wp\/v2\/categories?post=17906"},{"taxonomy":"post_tag","embeddable":true,"href":"https:\/\/blogs.correiobraziliense.com.br\/vicente\/wp-json\/wp\/v2\/tags?post=17906"}],"curies":[{"name":"wp","href":"https:\/\/api.w.org\/{rel}","templated":true}]}}