{"id":17899,"date":"2021-03-29T17:06:31","date_gmt":"2021-03-29T20:06:31","guid":{"rendered":"https:\/\/blogs.correiobraziliense.com.br\/vicente\/?p=17899"},"modified":"2021-03-29T20:23:26","modified_gmt":"2021-03-29T23:23:26","slug":"parlamentares-entregam-oficio-ao-tcu-sobre-risco-de-pedaladas-no-orcamento","status":"publish","type":"post","link":"https:\/\/blogs.correiobraziliense.com.br\/vicente\/parlamentares-entregam-oficio-ao-tcu-sobre-risco-de-pedaladas-no-orcamento\/","title":{"rendered":"Parlamentares entregam of\u00edcio ao TCU sobre risco de pedaladas no Or\u00e7amento"},"content":{"rendered":"<h2>ROSANA HESSEL<\/h2>\n<h2><\/h2>\n<h2>A manobra cont\u00e1bil feita pelo relator do Or\u00e7amento, o senador Marcio Bittar (MDB-AC), que cortou R$ 26,5 bilh\u00f5es em despesas obrigat\u00f3rias, incluindo abono salarial e aposentadorias, para aumentar as emendas parlamentares, principalmente, as que estavam sob o comando dele, os riscos de pedaladas fiscais est\u00e3o sendo questionados por parlamentares, que enviaram, na tarde desta segunda-feira (29\/03), um of\u00edcio para o Tribunal de Contas da Uni\u00e3o (TCU).<\/h2>\n<p>&nbsp;<\/p>\n<p>O documento ao qual o <strong>Blog<\/strong> teve acesso mostra que esse corte de despesas obrigat\u00f3rias &#8220;ampliou de R$ 3 bilh\u00f5es para R$ 30 bilh\u00f5es o valor concentrado nas m\u00e3os do relator&#8221;. &#8220;Isso significa que a previs\u00e3o de gastos prim\u00e1rios obrigat\u00f3rios feita pelo Minist\u00e9rio da Economia possui uma diferen\u00e7a de R$ 43 bilh\u00f5es em rela\u00e7\u00e3o ao que foi aprovado pela LOA (Lei Or\u00e7ament\u00e1ria Anual)&#8221;, informou o documento.<\/p>\n<p>&nbsp;<\/p>\n<p>No of\u00edcio, os parlamentares denunciaram \u00e0 presidente do TCU, ministra Ana Arraes, que a LOA de 2021 &#8220;n\u00e3o reconhece como priorit\u00e1ria as a\u00e7\u00f5es de promo\u00e7\u00e3o de sa\u00fade p\u00fablica, tampouco medidas relacionadas ao enfrentamento e conten\u00e7\u00e3o da pandemia de coronav\u00edrus&#8221;.<\/p>\n<p>&nbsp;<\/p>\n<p>Entre os deputados que assinaram o documento, destacam-se Vinicius Poit (Novo-SP), Marcel van Hattem (Novo-RS), F\u00e1bio Trad (PSD-MS), Felipe Rigoni (PSB-ES), Julio Delgado (PSB-MG) e Rodrigo Maia (DEM-RJ).<\/p>\n<p>&nbsp;<\/p>\n<p>Na avalia\u00e7\u00e3o do especialista em contas p\u00fablicas e analista do Senado Leonardo Ribeiro, &#8220;na ess\u00eancia&#8221;, o simples fato de adiar o pagamento de despesas obrigat\u00f3rias j\u00e1 caracteriza pedalada fiscal. &#8220;O ministro Paulo Guedes tem um papel importante de n\u00e3o deixar o governo virar uma anarquia fiscal. E parece que ele perdeu espa\u00e7o nessa fun\u00e7\u00e3o e errou ao n\u00e3o informar corretamente as proje\u00e7\u00f5es e os par\u00e2metros atualizados das contas p\u00fablicas durante a discuss\u00e3o do Or\u00e7amento no Congresso&#8221;, lamentou.<\/p>\n<p>&nbsp;<\/p>\n<p>Procurado, o TCU confirmou que recebeu a representa\u00e7\u00e3o de parlamentares. &#8220;O documento est\u00e1 vinculado a processo de relatoria do ministro Bruno Dantas que acompanha os efeitos da pandemia no Or\u00e7amento da Uni\u00e3o&#8221;, de acordo com o \u00f3rg\u00e3o. &#8220;O documento ser\u00e1 objeto de an\u00e1lise preliminar da unidade t\u00e9cnica do tribunal e nesse momento processual o ministro relator n\u00e3o vai se pronunciar e n\u00e3o ser\u00e1 poss\u00edvel disponibilizar porta-voz sobre o tema&#8221;, acrescentou.<\/p>\n<p>&nbsp;<\/p>\n<p>No Minist\u00e9rio da Economia, reina o sil\u00eancio e ainda n\u00e3o est\u00e1 definido se a pasta vai enviar um novo projeto de lei ao Congresso para corrigir os erros da LOA ou um decreto presidencial.<\/p>\n","protected":false},"excerpt":{"rendered":"<p>ROSANA HESSEL A manobra cont\u00e1bil feita pelo relator do Or\u00e7amento, o senador Marcio Bittar (MDB-AC), que cortou R$ 26,5 bilh\u00f5es em despesas obrigat\u00f3rias, incluindo abono salarial e aposentadorias, para aumentar as emendas parlamentares, principalmente, as que estavam sob o comando dele, os riscos de pedaladas fiscais est\u00e3o sendo questionados por parlamentares, que enviaram, na tarde [&hellip;]<\/p>\n","protected":false},"author":22,"featured_media":17784,"comment_status":"open","ping_status":"closed","sticky":false,"template":"","format":"standard","meta":{"footnotes":""},"categories":[600],"tags":[2554,549,2522,3613,5305,50],"class_list":["post-17899","post","type-post","status-publish","format-standard","has-post-thumbnail","hentry","category-economia","tag-bolsonaro","tag-orcamento","tag-parlamentares","tag-paulo-guedes","tag-pedaladas","tag-tcu"],"_links":{"self":[{"href":"https:\/\/blogs.correiobraziliense.com.br\/vicente\/wp-json\/wp\/v2\/posts\/17899","targetHints":{"allow":["GET"]}}],"collection":[{"href":"https:\/\/blogs.correiobraziliense.com.br\/vicente\/wp-json\/wp\/v2\/posts"}],"about":[{"href":"https:\/\/blogs.correiobraziliense.com.br\/vicente\/wp-json\/wp\/v2\/types\/post"}],"author":[{"embeddable":true,"href":"https:\/\/blogs.correiobraziliense.com.br\/vicente\/wp-json\/wp\/v2\/users\/22"}],"replies":[{"embeddable":true,"href":"https:\/\/blogs.correiobraziliense.com.br\/vicente\/wp-json\/wp\/v2\/comments?post=17899"}],"version-history":[{"count":8,"href":"https:\/\/blogs.correiobraziliense.com.br\/vicente\/wp-json\/wp\/v2\/posts\/17899\/revisions"}],"predecessor-version":[{"id":17920,"href":"https:\/\/blogs.correiobraziliense.com.br\/vicente\/wp-json\/wp\/v2\/posts\/17899\/revisions\/17920"}],"wp:featuredmedia":[{"embeddable":true,"href":"https:\/\/blogs.correiobraziliense.com.br\/vicente\/wp-json\/wp\/v2\/media\/17784"}],"wp:attachment":[{"href":"https:\/\/blogs.correiobraziliense.com.br\/vicente\/wp-json\/wp\/v2\/media?parent=17899"}],"wp:term":[{"taxonomy":"category","embeddable":true,"href":"https:\/\/blogs.correiobraziliense.com.br\/vicente\/wp-json\/wp\/v2\/categories?post=17899"},{"taxonomy":"post_tag","embeddable":true,"href":"https:\/\/blogs.correiobraziliense.com.br\/vicente\/wp-json\/wp\/v2\/tags?post=17899"}],"curies":[{"name":"wp","href":"https:\/\/api.w.org\/{rel}","templated":true}]}}