{"id":17896,"date":"2021-03-29T17:52:55","date_gmt":"2021-03-29T20:52:55","guid":{"rendered":"https:\/\/blogs.correiobraziliense.com.br\/vicente\/?p=17896"},"modified":"2021-03-29T18:32:54","modified_gmt":"2021-03-29T21:32:54","slug":"com-guedes-cada-vez-mais-fraco-ministerio-da-economia-podera-ser-fatiado","status":"publish","type":"post","link":"https:\/\/blogs.correiobraziliense.com.br\/vicente\/com-guedes-cada-vez-mais-fraco-ministerio-da-economia-podera-ser-fatiado\/","title":{"rendered":"Com Guedes cada vez mais fraco, Minist\u00e9rio da Economia poder\u00e1 ser fatiado"},"content":{"rendered":"<p>ROSANA HESSEL<\/p>\n<p>&nbsp;<\/p>\n<p>Em meio \u00e0 onda de ren\u00fancias de ministros do governo Jair Bolsonaro, encabe\u00e7ada por Ernesto Ara\u00fajo (Rela\u00e7\u00f5es Exteriores) e Fernando Azevedo e Silva (Defesa), nesta segunda-feira (29\/03), e que pode chegar a seis pastas, as apostas de um fatiamento do Minist\u00e9rio da Economia, na contram\u00e3o do discurso de campanha em defesa do enxugamento da m\u00e1quina p\u00fablica, voltaram com tudo entre analistas do mercado.<\/p>\n<p>&nbsp;<\/p>\n<p>A possibilidade \u00e9 cogitada se Bolsonaro tamb\u00e9m demitir o ministro do Meio Ambiente, Ricardo Salles, considerado um dos piores da Esplanada, por conta da m\u00e1 condu\u00e7\u00e3o na preserva\u00e7\u00e3o da Amaz\u00f4nia e na destrui\u00e7\u00e3o da imagem internacional do pa\u00eds, afugentando investidores de grandes fundos que, cada vez mais, consideram o desenvolvimento sustent\u00e1vel na hora de aplicar os recursos.<\/p>\n<p>&nbsp;<\/p>\n<p>&#8220;Paulo Guedes foi afastado da articula\u00e7\u00e3o pol\u00edtica do governo e est\u00e1 cada vez mais fraco. E, depois que o Centr\u00e3o derrubar o Salles, o Minist\u00e9rio da Economia dever\u00e1 ser fatiado&#8221;, apostou uma fonte do mercado financeiro.<\/p>\n<p>&nbsp;<\/p>\n<p>Vale lembrar que a confus\u00e3o gerada em torno do Or\u00e7amento de 2021 \u00e9 um reflexo da perda de poder e de influ\u00eancia de Guedes junto ao governo, que apoiou as mudan\u00e7as propostas pelo relator, o senador Marcio Bittar (MDB-AC) que, ao cortar R$ 26,5 bilh\u00f5es em despesas obrigat\u00f3rias. Para analistas, Bittar pode ter criado um grupo de pedaladas que podem superar o volume que acabou derrubando a ex-presidente Dilma Rousseff.<\/p>\n<p>&nbsp;<\/p>\n<p>Somados aos R$ 17,6 bilh\u00f5es apontados pela equipe econ\u00f4mica como rombo para o cumprimento da regra do teto, que foram ignorados pelos parlamentares durante a vota\u00e7\u00e3o do Or\u00e7amento o\u00a0 relator criou um buraco de R$ 43 bilh\u00f5es, para ser coberto.<\/p>\n<p>&nbsp;<\/p>\n<p>Ao que tudo indica, o ministro da Economia, est\u00e1 t\u00e3o fraco que analistas n\u00e3o poupam cr\u00edticas em rela\u00e7\u00e3o a Guedes sobre a responsabilidade de o Congresso ter aprovado o Or\u00e7amento de 2021 cheio de problemas e com riscos de pedaladas fiscais se o presidente Jair Bolsonaro sancionar a pe\u00e7a or\u00e7ament\u00e1ria do jeito que foi aprovada pelo Legislativo, como aponta <a href=\"https:\/\/blogs.correiobraziliense.com.br\/vicente\/wp-admin\/post.php?post=17899&amp;action=edit\">of\u00edcio de parlamentares entregue nesta segunda-feira ao Tribunal de Contas da Uni\u00e3o (TCU)<\/a>.<\/p>\n<p>&nbsp;<\/p>\n<p>O consenso \u00e9 que n\u00e3o houve articula\u00e7\u00e3o e Guedes errou ao n\u00e3o propor uma atualiza\u00e7\u00e3o dos par\u00e2metros macroecon\u00f4micos mais clara, mostrando como as contas p\u00fablicas estavam cr\u00edticas realmente. Para eles, faltou mais empenho do ministro.<\/p>\n<p>&nbsp;<\/p>\n<p>Contudo, n\u00e3o \u00e9 a primeira vez que rolam boatos de um fatiamento na Economia. Em outubro passado, o ministro Paulo Guedes chegou a dizer que era &#8220;conversa fiada&#8221; a hip\u00f3tese de que a pasta pudesse ser dividida para atender a interesses pol\u00edticos do Centr\u00e3o, o bloco de partidos que passou a dar sustenta\u00e7\u00e3o ao governo no Congresso e que agora est\u00e1 cobrando a fatura do apoio, exigindo a sa\u00edda de v\u00e1rios ministros, como ocorreu com Ernesto Ara\u00fajo.<\/p>\n<p>&nbsp;<\/p>\n<p>Resultado da fus\u00e3o entre os minist\u00e9rios da Fazenda, Planejamento, Previd\u00eancia, Trabalho e Ind\u00fastria e Com\u00e9rcio, o Minist\u00e9rio da Economia \u00e9 hoje o maior or\u00e7amento da Esplanada. Na pe\u00e7a or\u00e7ament\u00e1ria aprovada pelo Congresso na semana passada, o volume de recursos previstos para a pasta soma R$ 559,5 bilh\u00f5es, o equivalente a 4,1 vezes a previs\u00e3o do Minist\u00e9rio da Sa\u00fade, de R$ 136,2 bilh\u00f5es.<\/p>\n","protected":false},"excerpt":{"rendered":"<p>ROSANA HESSEL &nbsp; Em meio \u00e0 onda de ren\u00fancias de ministros do governo Jair Bolsonaro, encabe\u00e7ada por Ernesto Ara\u00fajo (Rela\u00e7\u00f5es Exteriores) e Fernando Azevedo e Silva (Defesa), nesta segunda-feira (29\/03), e que pode chegar a seis pastas, as apostas de um fatiamento do Minist\u00e9rio da Economia, na contram\u00e3o do discurso de campanha em defesa do [&hellip;]<\/p>\n","protected":false},"author":22,"featured_media":17184,"comment_status":"open","ping_status":"closed","sticky":false,"template":"","format":"standard","meta":{"footnotes":""},"categories":[600],"tags":[2554,659,549,3613,5305,1026],"class_list":["post-17896","post","type-post","status-publish","format-standard","has-post-thumbnail","hentry","category-economia","tag-bolsonaro","tag-centrao","tag-orcamento","tag-paulo-guedes","tag-pedaladas","tag-reforma-ministerial"],"_links":{"self":[{"href":"https:\/\/blogs.correiobraziliense.com.br\/vicente\/wp-json\/wp\/v2\/posts\/17896","targetHints":{"allow":["GET"]}}],"collection":[{"href":"https:\/\/blogs.correiobraziliense.com.br\/vicente\/wp-json\/wp\/v2\/posts"}],"about":[{"href":"https:\/\/blogs.correiobraziliense.com.br\/vicente\/wp-json\/wp\/v2\/types\/post"}],"author":[{"embeddable":true,"href":"https:\/\/blogs.correiobraziliense.com.br\/vicente\/wp-json\/wp\/v2\/users\/22"}],"replies":[{"embeddable":true,"href":"https:\/\/blogs.correiobraziliense.com.br\/vicente\/wp-json\/wp\/v2\/comments?post=17896"}],"version-history":[{"count":7,"href":"https:\/\/blogs.correiobraziliense.com.br\/vicente\/wp-json\/wp\/v2\/posts\/17896\/revisions"}],"predecessor-version":[{"id":17916,"href":"https:\/\/blogs.correiobraziliense.com.br\/vicente\/wp-json\/wp\/v2\/posts\/17896\/revisions\/17916"}],"wp:featuredmedia":[{"embeddable":true,"href":"https:\/\/blogs.correiobraziliense.com.br\/vicente\/wp-json\/wp\/v2\/media\/17184"}],"wp:attachment":[{"href":"https:\/\/blogs.correiobraziliense.com.br\/vicente\/wp-json\/wp\/v2\/media?parent=17896"}],"wp:term":[{"taxonomy":"category","embeddable":true,"href":"https:\/\/blogs.correiobraziliense.com.br\/vicente\/wp-json\/wp\/v2\/categories?post=17896"},{"taxonomy":"post_tag","embeddable":true,"href":"https:\/\/blogs.correiobraziliense.com.br\/vicente\/wp-json\/wp\/v2\/tags?post=17896"}],"curies":[{"name":"wp","href":"https:\/\/api.w.org\/{rel}","templated":true}]}}