{"id":1789,"date":"2016-07-03T10:10:46","date_gmt":"2016-07-03T13:10:46","guid":{"rendered":"https:\/\/blogs.correiobraziliense.com.br\/vicente\/?p=1789"},"modified":"2016-07-08T10:07:18","modified_gmt":"2016-07-08T13:07:18","slug":"emprego-so-vai-melhorar-em-2018","status":"publish","type":"post","link":"https:\/\/blogs.correiobraziliense.com.br\/vicente\/emprego-so-vai-melhorar-em-2018\/","title":{"rendered":"Emprego s\u00f3 vai melhorar em 2018"},"content":{"rendered":"<p>POR RODOLFO COSTA E ANTONIO TEM\u00d3TEO<\/p>\n<p>&nbsp;<\/p>\n<p>O economista Miguel Foguel, especialista em mercado de trabalho do Instituto de Pesquisa Econ\u00f4mica Aplicada (Ipea), \u00e9 tachativo: a perda de dinamismo da atividade implicou no aumento do desemprego desde o in\u00edcio de 2015. Na avalia\u00e7\u00e3o dele, a gera\u00e7\u00e3o de vagas s\u00f3 deve se tornar uma realidade a partir de 2018 e a taxa de desocupa\u00e7\u00e3o, hoje de 11,2%, s\u00f3 recuar\u00e1 para abaixo dos dois d\u00edgitos em 2020.<\/p>\n<p>&nbsp;<\/p>\n<p>Foguel explica que o pleno emprego, que se viu nos \u00faltimos anos, mais foi destru\u00eddo pela recess\u00e3o, s\u00f3 se tornar\u00e1 realidade depois de um longo per\u00edodo de crescimento sustentado do Produto Interno Bruto (PIB). \u201cMuitos brasileiros est\u00e3o em uma situa\u00e7\u00e3o de desalento em meio \u00e0 dificuldade de se recolocar no mercado. Com isso, temos perda de capital humano\u201d, comenta.<\/p>\n<p>&nbsp;<\/p>\n<p>Para o especialista do Ipea, a boa not\u00edcia \u00e9 que parte da popula\u00e7\u00e3o tem aproveitado a crise para se requalificar, sobretudo quem chegou a esse momento de recess\u00e3o com alguma reserva financeira para emerg\u00eancias. Apesar disso, ele destaca que muitos profissionais, mesmo qualificados, t\u00eam se sujeitado a aceitar empregos que pagam menos para garantir alguma fonte de renda ou trabalhando por conta pr\u00f3pria.<\/p>\n<p>&nbsp;<\/p>\n<p>\u201cO exemplo pr\u00e1tico dessa situa\u00e7\u00e3o \u00e9 o Uber. Muitas pessoas aproveitaram o dinheiro da rescis\u00e3o para comprar um carro e prestar o servi\u00e7o. S\u00e3o as alternativas que os brasileiros t\u00eam encontrado para sobreviver\u201d, comenta. Mas, mesmo op\u00e7\u00f5es como essa j\u00e1 n\u00e3o resolvem os problemas do desemprego no Brasil. O que realmente incrementa o mercado de trabalho e faz a renda crescer \u00e9 o crescimento econ\u00f4mico.<\/p>\n<p>&nbsp;<\/p>\n<p>Retra\u00e7\u00e3o<\/p>\n<p>&nbsp;<\/p>\n<p>Entre janeiro e mar\u00e7o de 2016, o rendimento m\u00e9dio real de trabalhadores com n\u00edvel superior era de R$ 4.426, 4,9% a menos que o observado no primeiro trimestre do ano passado, de R$ 4.656. O recuo \u00e9 ainda maior entre trabalhadores com ensino m\u00e9dio completo, que recebem, em m\u00e9dia, R$ 1.589 \u2013 retra\u00e7\u00e3o de 5,6% em igual compara\u00e7\u00e3o.<\/p>\n<p>&nbsp;<\/p>\n<p>Todo esse cen\u00e1rio deixa Juliana Bra\u00fana, 19 anos, preocupada. Ela concluiu o ensino m\u00e9dio em 2014 e, no ano seguinte, se dedicou a passar em direito na Universidade de Bras\u00edlia (UnB). Ap\u00f3s frustra\u00e7\u00f5es no vestibular, ela decidiu arrumar um emprego para bancar a pr\u00f3pria faculdade. No entanto, at\u00e9 agora, esbarrou na falta de oportunidades. \u201cEntendo que os empres\u00e1rios querem algu\u00e9m com experi\u00eancia, mas podiam dar oportunidade a quem ainda n\u00e3o tem\u201d, lamenta.<\/p>\n<p>&nbsp;<\/p>\n<p>Com o olhar no futuro, Juliana torce para que a situa\u00e7\u00e3o econ\u00f4mica do pa\u00eds melhore logo para que, depois de concluir os cinco anos do curso de direito, ela consiga uma vaga no mercado jur\u00eddico. \u201cTor\u00e7o muito para que os empres\u00e1rios invistam na economia e voltem a gerar empregos\u201d, diz.<\/p>\n<p>&nbsp;<\/p>\n<p><em>Bras\u00edlia, 10h10min<\/em><\/p>\n","protected":false},"excerpt":{"rendered":"<p>POR RODOLFO COSTA E ANTONIO TEM\u00d3TEO &nbsp; O economista Miguel Foguel, especialista em mercado de trabalho do Instituto de Pesquisa Econ\u00f4mica Aplicada (Ipea), \u00e9 tachativo: a perda de dinamismo da atividade implicou no aumento do desemprego desde o in\u00edcio de 2015. Na avalia\u00e7\u00e3o dele, a gera\u00e7\u00e3o de vagas s\u00f3 deve se tornar uma realidade a [&hellip;]<\/p>\n","protected":false},"author":22,"featured_media":0,"comment_status":"open","ping_status":"closed","sticky":false,"template":"","format":"standard","meta":{"footnotes":""},"categories":[600,1],"tags":[489,531,71,431,336],"class_list":["post-1789","post","type-post","status-publish","format-standard","hentry","category-economia","category-sem-categoria","tag-489","tag-conta-propria","tag-desemprego","tag-jovens","tag-melhora"],"_links":{"self":[{"href":"https:\/\/blogs.correiobraziliense.com.br\/vicente\/wp-json\/wp\/v2\/posts\/1789","targetHints":{"allow":["GET"]}}],"collection":[{"href":"https:\/\/blogs.correiobraziliense.com.br\/vicente\/wp-json\/wp\/v2\/posts"}],"about":[{"href":"https:\/\/blogs.correiobraziliense.com.br\/vicente\/wp-json\/wp\/v2\/types\/post"}],"author":[{"embeddable":true,"href":"https:\/\/blogs.correiobraziliense.com.br\/vicente\/wp-json\/wp\/v2\/users\/22"}],"replies":[{"embeddable":true,"href":"https:\/\/blogs.correiobraziliense.com.br\/vicente\/wp-json\/wp\/v2\/comments?post=1789"}],"version-history":[{"count":1,"href":"https:\/\/blogs.correiobraziliense.com.br\/vicente\/wp-json\/wp\/v2\/posts\/1789\/revisions"}],"predecessor-version":[{"id":1790,"href":"https:\/\/blogs.correiobraziliense.com.br\/vicente\/wp-json\/wp\/v2\/posts\/1789\/revisions\/1790"}],"wp:attachment":[{"href":"https:\/\/blogs.correiobraziliense.com.br\/vicente\/wp-json\/wp\/v2\/media?parent=1789"}],"wp:term":[{"taxonomy":"category","embeddable":true,"href":"https:\/\/blogs.correiobraziliense.com.br\/vicente\/wp-json\/wp\/v2\/categories?post=1789"},{"taxonomy":"post_tag","embeddable":true,"href":"https:\/\/blogs.correiobraziliense.com.br\/vicente\/wp-json\/wp\/v2\/tags?post=1789"}],"curies":[{"name":"wp","href":"https:\/\/api.w.org\/{rel}","templated":true}]}}