{"id":17887,"date":"2021-03-29T12:45:50","date_gmt":"2021-03-29T15:45:50","guid":{"rendered":"https:\/\/blogs.correiobraziliense.com.br\/vicente\/?p=17887"},"modified":"2021-03-29T13:17:41","modified_gmt":"2021-03-29T16:17:41","slug":"com-demissao-de-ernesto-araujo-eduardo-bolsonaro-perde-seu-principal-protegido-no-governo","status":"publish","type":"post","link":"https:\/\/blogs.correiobraziliense.com.br\/vicente\/com-demissao-de-ernesto-araujo-eduardo-bolsonaro-perde-seu-principal-protegido-no-governo\/","title":{"rendered":"Com demiss\u00e3o de Ernesto Ara\u00fajo, Eduardo Bolsonaro perde seu principal protegido no governo"},"content":{"rendered":"<h2>O filho 03 do presidente Jair Bolsonaro, o deputado Eduardo Bolsonaro, teve a sua pior derrota no governo com a demiss\u00e3o de Ernesto Ara\u00fajo do Minist\u00e9rio das Rela\u00e7\u00f5es Exteriores. Ara\u00fajo era o principal protegido de Eduardo na administra\u00e7\u00e3o federal. Ara\u00fajo n\u00e3o tomava nenhuma decis\u00e3o sem antes consultar o filho do presidente.<\/h2>\n<p>&nbsp;<\/p>\n<p>Segundo interlocutores do Pal\u00e1cio do Planalto, Eduardo tentou, num primeiro momento, convencer o pai a manter Ernesto Ara\u00fajo no governo. Mas seus argumentos perderam for\u00e7a depois do agravamento da crise aberta pelo chanceler com o Senado. Ele acusou a senadora K\u00e1tia Abreu de estimul\u00e1-lo a endossar um lobby a favor da empresa chinesa Huawei na tecnologia 5G.<\/p>\n<p>&nbsp;<\/p>\n<p>Para Bolsonaro, entre abrir m\u00e3o do subordinado que representa a extrema-direita e ver o Congresso se virar contra o governo, ele optou por mandar Ara\u00fajo embora do governo. A nota oficial do Pal\u00e1cio do Planalto, no entanto, vir\u00e1 como se o chanceler tivesse pedido para deixar o comando do Itamaraty.<\/p>\n<p>&nbsp;<\/p>\n<p>No Planalto, diz-se que foi o filho 03 que deu o aval para que Ernesto Ara\u00fajo divulgasse o tu\u00edte no qual ele acusou K\u00e1tia Abreu de lobista. Como a demiss\u00e3o dele era irrevers\u00edvel, o melhor era sair atirando para manter os apoiadores mais radicais do governo ati\u00e7ados. S\u00e3o os radicais hoje a principal base de apoio de Bolsonaro.<\/p>\n<p>&nbsp;<\/p>\n<p>A liga\u00e7\u00e3o de Eduardo Bolsonaro com Ernesto Ara\u00fajo \u00e9 forte. Eles atuaram juntos na campanha, derrotada, \u00e0 reelei\u00e7\u00e3o de Donald Trump para o governo dos Estados Unidos, e nos ataques \u00e0 China. O chanceler, por sinal, rasgou toda a diplomacia brasileira ao defender o filho do presidente em cr\u00edticas p\u00fablicas ao embaixador da China no Brasil.<\/p>\n<p>&nbsp;<\/p>\n<p>O temor dentro do Itamaraty \u00e9 de que Eduardo Bolsonaro tenha ascend\u00eancia sobre o pai para fazer o sucessor de Ara\u00fajo. Dois nomes t\u00eam a simpatia do filho 03 do presidente:\u00a0Nestor Forster, embaixador do Brasil em Washington, e Luiz Fernando Serra, embaixador em Paris. Ambos fazem parte da corrente olavista, de extrema-direita, da qual Ara\u00fajo \u00e9 um dos expoentes.<\/p>\n<p>&nbsp;<\/p>\n<p><em>Bras\u00edlia, 12h45min<\/em><\/p>\n","protected":false},"excerpt":{"rendered":"<p>O filho 03 do presidente Jair Bolsonaro, o deputado Eduardo Bolsonaro, teve a sua pior derrota no governo com a demiss\u00e3o de Ernesto Ara\u00fajo do Minist\u00e9rio das Rela\u00e7\u00f5es Exteriores. Ara\u00fajo era o principal protegido de Eduardo na administra\u00e7\u00e3o federal. Ara\u00fajo n\u00e3o tomava nenhuma decis\u00e3o sem antes consultar o filho do presidente. &nbsp; Segundo interlocutores do [&hellip;]<\/p>\n","protected":false},"author":22,"featured_media":12208,"comment_status":"open","ping_status":"closed","sticky":false,"template":"","format":"standard","meta":{"footnotes":""},"categories":[600],"tags":[378,5303,5304,2526,2787],"class_list":["post-17887","post","type-post","status-publish","format-standard","has-post-thumbnail","hentry","category-economia","tag-brasil","tag-com-demissao-de-ernesto-araujo","tag-eduardo-bolsonaro-perde-seu-principal-protegido-no-governo","tag-poder","tag-politica"],"_links":{"self":[{"href":"https:\/\/blogs.correiobraziliense.com.br\/vicente\/wp-json\/wp\/v2\/posts\/17887","targetHints":{"allow":["GET"]}}],"collection":[{"href":"https:\/\/blogs.correiobraziliense.com.br\/vicente\/wp-json\/wp\/v2\/posts"}],"about":[{"href":"https:\/\/blogs.correiobraziliense.com.br\/vicente\/wp-json\/wp\/v2\/types\/post"}],"author":[{"embeddable":true,"href":"https:\/\/blogs.correiobraziliense.com.br\/vicente\/wp-json\/wp\/v2\/users\/22"}],"replies":[{"embeddable":true,"href":"https:\/\/blogs.correiobraziliense.com.br\/vicente\/wp-json\/wp\/v2\/comments?post=17887"}],"version-history":[{"count":1,"href":"https:\/\/blogs.correiobraziliense.com.br\/vicente\/wp-json\/wp\/v2\/posts\/17887\/revisions"}],"predecessor-version":[{"id":17888,"href":"https:\/\/blogs.correiobraziliense.com.br\/vicente\/wp-json\/wp\/v2\/posts\/17887\/revisions\/17888"}],"wp:featuredmedia":[{"embeddable":true,"href":"https:\/\/blogs.correiobraziliense.com.br\/vicente\/wp-json\/wp\/v2\/media\/12208"}],"wp:attachment":[{"href":"https:\/\/blogs.correiobraziliense.com.br\/vicente\/wp-json\/wp\/v2\/media?parent=17887"}],"wp:term":[{"taxonomy":"category","embeddable":true,"href":"https:\/\/blogs.correiobraziliense.com.br\/vicente\/wp-json\/wp\/v2\/categories?post=17887"},{"taxonomy":"post_tag","embeddable":true,"href":"https:\/\/blogs.correiobraziliense.com.br\/vicente\/wp-json\/wp\/v2\/tags?post=17887"}],"curies":[{"name":"wp","href":"https:\/\/api.w.org\/{rel}","templated":true}]}}