{"id":17872,"date":"2021-03-29T12:21:06","date_gmt":"2021-03-29T15:21:06","guid":{"rendered":"https:\/\/blogs.correiobraziliense.com.br\/vicente\/?p=17872"},"modified":"2021-03-29T12:53:39","modified_gmt":"2021-03-29T15:53:39","slug":"ernesto-araujo-pede-demissao-ele-esta-no-planalto-com-bolsonaro","status":"publish","type":"post","link":"https:\/\/blogs.correiobraziliense.com.br\/vicente\/ernesto-araujo-pede-demissao-ele-esta-no-planalto-com-bolsonaro\/","title":{"rendered":"Ernesto Ara\u00fajo pede demiss\u00e3o. Ele est\u00e1 no Planalto com Bolsonaro"},"content":{"rendered":"<h2>Ernesto Ara\u00fajo pediu demiss\u00e3o do Minist\u00e9rio das Rela\u00e7\u00f5es Exteriores. Ele j\u00e1 comunicou a seus principais subordinados que est\u00e1 fora do governo. Neste momento, o diplomata est\u00e1 reunido com o presidente Jair Bolsonaro no Pal\u00e1cio do Planalto. Ele pediu para sair para n\u00e3o ser demitido.<\/h2>\n<p>&nbsp;<\/p>\n<p>No Pal\u00e1cio do Planalto, a informa\u00e7\u00e3o \u00e9 de que n\u00e3o havia mais como Ara\u00fajo permanecer no governo depois dos ataques que fez \u00e0 senadora K\u00e1tia Abreu. Ele a acusou de fazer lobby para empresa chinesa na tecnologia 5G. H\u00e1 uma rebeli\u00e3o no Senado contra o agora ex-ministro. O governo teme que, com Ara\u00fajo no governo, os senadores ponham em pr\u00e1tica a CPI da Covid, que est\u00e1 na gaveta do presidente do Senado, Rodrigo Pacheco.<\/p>\n<p>&nbsp;<\/p>\n<p>Bolsonaro estava resistente em demitir Ara\u00fajo, mas foi aconselhado pelos assessores mais pr\u00f3ximos, inclusive os ministros militares, a abrir m\u00e3o do subordinado, um dos mais radicais do governo, para manter uma boa rela\u00e7\u00e3o com o Congresso neste momento em que a popularidade do governo despenca.<\/p>\n<p>&nbsp;<\/p>\n<p>Agora, o presidente da Rep\u00fablica corre atr\u00e1s do substituto de Ara\u00fajo. A lista de candidatos inclui\u00a0os nomes de Nestor Forster, embaixador em Washington; Luiz Fernando Serra, embaixador em Paris; e Maria Nazareth Farani Azev\u00eado, c\u00f4nsul-geral em do Brasil em Nova York. Tamb\u00e9m h\u00e1 a op\u00e7\u00e3o do almirante Fl\u00e1vio Rocha, que chefia duas secretarias do governo, a de Comunica\u00e7\u00e3o e a de Assuntos Estrat\u00e9gicos.<\/p>\n<p>&nbsp;<\/p>\n<p>Ernesto Ara\u00fajo representa a extrema-direita no governo. Por conta de sua postura radical, fechou portas importantes na diplomacia, sobretudo com os Estados Unidos e China, as duas principais pot\u00eancias do planeta. Nunca, na hist\u00f3ria do Itamaraty, o Brasil foi visto como p\u00e1ria, como agora.<\/p>\n<p>&nbsp;<\/p>\n<p>O filho 03 de Bolsonaro, Eduardo Bolsonaro, \u00e9 o maior protetor de Ernesto Ara\u00fajo no governo. Mas o deputado n\u00e3o conseguiu segurar o protegido, sob o risco de o pai comprar uma briga monumental com o Congresso. O presidente preferiu optar pelo bom senso neste momento.<\/p>\n<p>&nbsp;<\/p>\n<p><em>Bras\u00edlia, 12h21min<\/em><\/p>\n","protected":false},"excerpt":{"rendered":"<p>Ernesto Ara\u00fajo pediu demiss\u00e3o do Minist\u00e9rio das Rela\u00e7\u00f5es Exteriores. Ele j\u00e1 comunicou a seus principais subordinados que est\u00e1 fora do governo. Neste momento, o diplomata est\u00e1 reunido com o presidente Jair Bolsonaro no Pal\u00e1cio do Planalto. Ele pediu para sair para n\u00e3o ser demitido. &nbsp; No Pal\u00e1cio do Planalto, a informa\u00e7\u00e3o \u00e9 de que n\u00e3o [&hellip;]<\/p>\n","protected":false},"author":22,"featured_media":9651,"comment_status":"open","ping_status":"closed","sticky":false,"template":"","format":"standard","meta":{"footnotes":""},"categories":[600],"tags":[926,5302,2526,2787],"class_list":["post-17872","post","type-post","status-publish","format-standard","has-post-thumbnail","hentry","category-economia","tag-brasilia","tag-ernesto-araujo-pede-demissao-ele-esta-no-planalto-com-bolsonaro","tag-poder","tag-politica"],"_links":{"self":[{"href":"https:\/\/blogs.correiobraziliense.com.br\/vicente\/wp-json\/wp\/v2\/posts\/17872","targetHints":{"allow":["GET"]}}],"collection":[{"href":"https:\/\/blogs.correiobraziliense.com.br\/vicente\/wp-json\/wp\/v2\/posts"}],"about":[{"href":"https:\/\/blogs.correiobraziliense.com.br\/vicente\/wp-json\/wp\/v2\/types\/post"}],"author":[{"embeddable":true,"href":"https:\/\/blogs.correiobraziliense.com.br\/vicente\/wp-json\/wp\/v2\/users\/22"}],"replies":[{"embeddable":true,"href":"https:\/\/blogs.correiobraziliense.com.br\/vicente\/wp-json\/wp\/v2\/comments?post=17872"}],"version-history":[{"count":14,"href":"https:\/\/blogs.correiobraziliense.com.br\/vicente\/wp-json\/wp\/v2\/posts\/17872\/revisions"}],"predecessor-version":[{"id":17886,"href":"https:\/\/blogs.correiobraziliense.com.br\/vicente\/wp-json\/wp\/v2\/posts\/17872\/revisions\/17886"}],"wp:featuredmedia":[{"embeddable":true,"href":"https:\/\/blogs.correiobraziliense.com.br\/vicente\/wp-json\/wp\/v2\/media\/9651"}],"wp:attachment":[{"href":"https:\/\/blogs.correiobraziliense.com.br\/vicente\/wp-json\/wp\/v2\/media?parent=17872"}],"wp:term":[{"taxonomy":"category","embeddable":true,"href":"https:\/\/blogs.correiobraziliense.com.br\/vicente\/wp-json\/wp\/v2\/categories?post=17872"},{"taxonomy":"post_tag","embeddable":true,"href":"https:\/\/blogs.correiobraziliense.com.br\/vicente\/wp-json\/wp\/v2\/tags?post=17872"}],"curies":[{"name":"wp","href":"https:\/\/api.w.org\/{rel}","templated":true}]}}