{"id":17860,"date":"2021-03-29T09:44:41","date_gmt":"2021-03-29T12:44:41","guid":{"rendered":"https:\/\/blogs.correiobraziliense.com.br\/vicente\/?p=17860"},"modified":"2021-03-29T14:08:05","modified_gmt":"2021-03-29T17:08:05","slug":"ifi-aponta-necessidade-de-corte-de-r-319-bilhoes-no-orcamento-para-evitar-estouro-do-teto","status":"publish","type":"post","link":"https:\/\/blogs.correiobraziliense.com.br\/vicente\/ifi-aponta-necessidade-de-corte-de-r-319-bilhoes-no-orcamento-para-evitar-estouro-do-teto\/","title":{"rendered":"IFI aponta necessidade de corte de R$ 31,9 bilh\u00f5es no Or\u00e7amento para evitar estouro do teto"},"content":{"rendered":"<h2>ROSANA HESSEL<\/h2>\n<h2><\/h2>\n<h2>O Or\u00e7amento de 2021 aprovado na noite de quinta-feira (25) continua dando o que falar, pelo fato de n\u00e3o respeitar as regras fiscais e ainda ser de dif\u00edcil execu\u00e7\u00e3o para o governo federal, que ser\u00e1 obrigado a anunciar um contingenciamento duro, mais cedo ou mais tarde, para n\u00e3o descumprir a regra do teto de gastos e a meta fiscal.<\/h2>\n<h2><\/h2>\n<p>A Institui\u00e7\u00e3o Fiscal Independente (IFI), por exemplo, aponta v\u00e1rios problemas do Or\u00e7amento de 2021 em uma nota t\u00e9cnica divulgada nesta segunda-feira (29\/03). O documento, assinado pelos diretores Felipe Salto e Daniel Couri, estima em R$ 31,9 bilh\u00f5es o estouro do teto de gastos &#8212; emenda constitucional que limita o aumento das despesas sujeitas a essa regra pela infla\u00e7\u00e3o.<\/p>\n<p>&nbsp;<\/p>\n<p>O limite deste ano para as despesas sujeitas ao teto \u00e9 de R$ 1.485,9 bilh\u00f5es, mas, pelos c\u00e1lculos da IFI conforme o que est\u00e1 previsto dos gastos aprovados pelo Congresso, essa despesas j\u00e1 somam R$ 1.517,8 bilh\u00f5es, considerando R$ 139,1 bilh\u00f5es em despesas discricion\u00e1rias (n\u00e3o-obrigat\u00f3rias).\u00a0 &#8220;Essa simula\u00e7\u00e3o indica que, para cumprir o teto, caso as despesas obrigat\u00f3rias da IFI se confirmem, ao longo do ano, seria\u00a0preciso cortar as despesas discricion\u00e1rias da coluna &#8220;aut\u00f3grafo&#8221; em R$ 31,9 bilh\u00f5es. O teto de gastos permitiria despesa\u00a0discricion\u00e1ria de, no m\u00e1ximo, R$ 107,2 bilh\u00f5es, em 2021&#8243;, escreveram os economistas na nota t\u00e9cnica.<\/p>\n<p>&nbsp;<\/p>\n<p>Al\u00e9m do teto, a meta fiscal tamb\u00e9m est\u00e1 amea\u00e7ada, de acordo com a nota da IFI. A Lei de Diretrizes Or\u00e7ament\u00e1rias (LDO) de 2021 permite um deficit prim\u00e1rio nas contas p\u00fablicas de at\u00e9 R$ 247,1 bilh\u00f5es nas contas do governo central e ela ser\u00e1 desrespeitada se as despesas discricion\u00e1rias forem mantidas nesse patamar de R$\u00a0139,1 bilh\u00f5es, ou seja, ser\u00e1 preciso corte na despesas para que\u00a0 a regra n\u00e3o seja descumprida.<\/p>\n<p>&nbsp;<\/p>\n<p>De acordo com a nota, &#8220;o\u00a0contexto fiscal de 2021 \u00e9 marcado pela incerteza associada \u00e0 evolu\u00e7\u00e3o da covid-19&#8221;. Os economistas lembram que no Or\u00e7amento aprovado pelo Congresso, n\u00e3o est\u00e1 previsto o gasto com o aux\u00edlio emergencial. No cen\u00e1rio base da IFI, esse gasto seria de R$ 45 bilh\u00f5es, quando considerada a parcela que migraria do Bolsa Fam\u00edlia, ou R$ 34,2 bilh\u00f5es, sem essa parcela. Eles\u00a0destacaram no documento que uma regra fiscal nova, introduzida pela emenda constitucional 109, oriunda da Proposta de Emenda \u00e0 Constitui\u00e7\u00e3o (PEC) Emergencial, rec\u00e9m-aprovada para recriar o aux\u00edlio emergencial a partir de abril, tamb\u00e9m corre o risco de de ser burlada. A emenda\u00a0estabeleceu que a raz\u00e3o\u00a0entre as despesas obrigat\u00f3rias e as despesas prim\u00e1rias totais, ambas sujeitas ao teto, n\u00e3o poder\u00e1 ultrapassar 95%. Se isso\u00a0acontecer, medidas autom\u00e1ticas de ajuste (gatilhos), j\u00e1 previstas na emenda do teto, em boa medida, ser\u00e3o acionadas, mas tudo ainda precisar\u00e1 ser observado.<\/p>\n<p>&nbsp;<\/p>\n<p>A nota da IFI ainda destacou que um grupo importante de despesas do Or\u00e7amento, de cerca de R$ 451 bilh\u00f5es, est\u00e1 condicionado \u00e0 aprova\u00e7\u00e3o de cr\u00e9ditos suplementares, pelo Congresso, em raz\u00e3o da regra de ouro &#8212; prevista na Constitui\u00e7\u00e3o determinando que\u00a0as opera\u00e7\u00f5es de cr\u00e9dito (d\u00edvida p\u00fablica) n\u00e3o superem a despesa de capital, inclu\u00eddos os investimentos, ou seja, o governo n\u00e3o pode emitir t\u00edtulos para pagar despesas correntes acima desse limite. &#8220;Assim,\u00a0neste ano, foi necess\u00e1rio aprovar um projeto de lei que permitiu trocar fontes or\u00e7ament\u00e1rias para viabilizar a execu\u00e7\u00e3o\u00a0provis\u00f3ria de gastos correntes essenciais cujas fontes eram a emiss\u00e3o de d\u00edvida&#8221;, informou o documento.<\/p>\n<p>&nbsp;<\/p>\n<p>O contingenciamento, apesar de necess\u00e1rio para o cumprimento das regras fiscais, poder\u00e1 comprometer o funcionamento da m\u00e1quina p\u00fablica, segundo especialistas e parlamentares que t\u00eam apresentado cr\u00edticas ao texto da pe\u00e7a or\u00e7ament\u00e1ria.<\/p>\n<p>&nbsp;<\/p>\n<p>O ministro da Economia, Paulo Guedes, tem reuni\u00e3o com t\u00e9cnicos da equipe econ\u00f4mica que sempre se debru\u00e7am sobre o Or\u00e7amento na manh\u00e3 de hoje. Ele tem evitado fazer declara\u00e7\u00f5es sobre o Or\u00e7amento aprovado pelo Congresso, que o deixou sem muito espa\u00e7o at\u00e9 para recriar o Programa Emergencial de Manuten\u00e7\u00e3o do Emprego e da Renda (BEm), cuja medida provis\u00f3ria era esperada por empres\u00e1rios para ser assinada na sexta-feira (26).<\/p>\n<p>&nbsp;<\/p>\n<p>&nbsp;<\/p>\n<p><strong>Contabilidade criativa e pedaladas<\/strong><\/p>\n<p>&nbsp;<\/p>\n<p><a href=\"https:\/\/blogs.correiobraziliense.com.br\/vicente\/orcamento-foi-aprovado-pelo-congresso-mas-os-riscos-fiscais-aumentaram\/\">A manobra cont\u00e1bil do relator da Lei Or\u00e7ament\u00e1ria Anual (LOA) de 2021, o senador Marcio Bittar (MDB-AC), de criar um espa\u00e7o de R$ 26,5 bilh\u00f5es cortando despesas obrigat\u00f3rias, como aposentadorias,<\/a> para ampliar as emendas parlamentares de obras, principalmente, as do Minist\u00e9rio do Desenvolvimento Regional (MDR), que teve o or\u00e7amento de investimentos mais do que dobrado, passando de R$ 2,3 bilh\u00f5es para\u00a0 R$ 6,9 bilh\u00f5es, deixou um rastro de irregularidades, de acordo com especialistas ouvidos pelo <strong>Blog.\u00a0\u00a0<\/strong><\/p>\n<p>&nbsp;<\/p>\n<p>&#8220;Tem de tudo nesse Or\u00e7amento, que \u00e9 uma verdadeira pe\u00e7a de fic\u00e7\u00e3o. Tem pedalada, tem maquiagem cont\u00e1bil, tem contabilidade criativa&#8221;, denunciou Gil Castello Branco, especialista em contas p\u00fablicas e secret\u00e1rio-geral da Associa\u00e7\u00e3o Contas Abertas.\u00a0 Ele lembrou que a ex-presidente Dilma Rousseff pedalou na execu\u00e7\u00e3o or\u00e7ament\u00e1ria. E, agora, a pedalada est\u00e1 sendo feita pelo Congresso e pelo Executivo no Or\u00e7amento, que foi acordado naquele almo\u00e7o entre o presidente Jair Bolsonaro e os l\u00edderes da base governista na casa do presidente do Congresso, Rodrigo Pacheco, na quinta-feira passada, quando o Or\u00e7amento foi aprovado.<\/p>\n<p>&nbsp;<\/p>\n<p>Castello Branco apontou como pedalada o adiamento do pagamento do abono salarial para 2022, mas os recursos deste ano entraram na conta dos R$ 26,5 bilh\u00f5es das emendas parlamentares, ainda que tenha a autoriza\u00e7\u00e3o do Conselho Deliberativo do Fundo de Amparo ao Trabalhador (Codefat). &#8220;Contabilidade criativa \u00e9 \u00e9 jogar no colo do empres\u00e1rio o pagamento do aux\u00edlio-doen\u00e7a de um beneficio que ainda n\u00e3o est\u00e1 regulamentado e fugir do teto de gastos, tirando R$ 13,5 bilh\u00f5es de despesas da Previd\u00eancia e, tudo isso, com apoio da base parlamentar&#8221;, destacou. &#8220;O problema de Dilma foi que ela pedalou na execu\u00e7\u00e3o do Or\u00e7amento, e, agora, est\u00e3o pedalando antes mesmo de ele ser executado&#8221;, comparou.<\/p>\n<p>&nbsp;<\/p>\n<p>Um dos problemas no Or\u00e7amento apontados por Castello Branco \u00e9 o fato de as despesas estarem subdimensionadas e as receitas, superestimadas, pois n\u00e3o houve corre\u00e7\u00f5es dos par\u00e2metros macroecon\u00f4micos, e, muito menos do sal\u00e1rio m\u00ednimo, de R$ 1.100. Na pe\u00e7a, ainda consta o valor de R$ 1.067 previsto no Projeto de Lei Or\u00e7ament\u00e1ria Anual (PLOA), enviado ao Congresso em agosto de 2020 pelo Executivo. Considerando que a cada R$ 1 a mais no piso salarial implicam em R$ 360 milh\u00f5es, em m\u00e9dia, de despesas adicionais \u00e0 Previd\u00eancia Social, h\u00e1 um custo que n\u00e3o est\u00e1 sendo contabilizado, e que afeta o teto de gastos, de R$ 11,9 bilh\u00f5es.<\/p>\n<p>&nbsp;<\/p>\n<p style=\"font-weight: 400\">Enquanto isso, os investimentos para Educa\u00e7\u00e3o e Sa\u00fade, passaram, respectivamente de R$ 2,1 bilh\u00f5es para R$ 3,1 bilh\u00f5es e R$ 1,1 bilh\u00f5es para R$ 3,6 bilh\u00f5es. Juntos, s\u00e3o gastos inferiores aos do MDR e aos R$ 8,4 bilh\u00f5es previstos para a Defesa, \u00fanico \u00f3rg\u00e3o que recebeu reajuste salarial no meio da pandemia. &#8220;Isso mostra bem quais s\u00e3o as prioridades do Or\u00e7amento e do governo&#8221;, lamentou o economista Fabio Klein, da Tend\u00eancias Consultoria.<\/p>\n<p>&nbsp;<\/p>\n<p>No relat\u00f3rio de avalia\u00e7\u00e3o de receitas e despesas do primeiro bimestre, a meta fiscal tem uma folga de R$ 13,5 bilh\u00f5es, considerando o sal\u00e1rio m\u00ednimo atualizado, em R$ 1.100, mas h\u00e1 um aumento expressivo de receitas na compara\u00e7\u00e3o com o PLOA, de R$ 83,5 bilh\u00f5es, uma vez que a previs\u00e3o de crescimento do Produto Interno Bruto (PIB) deste ano, de 3,2%, foi mantida. J\u00e1 a de infla\u00e7\u00e3o, foi elevada de 3,2% para 4,4%.\u00a0 Os dados ainda est\u00e3o defasados se comparados com atual proje\u00e7\u00e3o do mercado e j\u00e1 previam um estouro de R$ 17,6 billh\u00f5es no limite previsto para o teto de gastos, que deveria ser o valor a ser contingenciado.<\/p>\n<p>&nbsp;<\/p>\n<p>Conforme dados do Banco Central, a mediana das estimativas do mercado para o PIB deste ano foi reduzida de 3,22% para 3,18%. J\u00e1 a de infla\u00e7\u00e3o, subiu de 4,71%, na semana passada, para 4,9%, nesta segunda-feira.<\/p>\n<p>&nbsp;<\/p>\n<p>O Tribunal de Contas da Uni\u00e3o (TCU) dever\u00e1 alertar para os riscos de crime fiscal que o presidente Jair Bolsonaro dever\u00e1 cometer se aprovar o Or\u00e7amento sem vetos.<\/p>\n","protected":false},"excerpt":{"rendered":"<p>ROSANA HESSEL O Or\u00e7amento de 2021 aprovado na noite de quinta-feira (25) continua dando o que falar, pelo fato de n\u00e3o respeitar as regras fiscais e ainda ser de dif\u00edcil execu\u00e7\u00e3o para o governo federal, que ser\u00e1 obrigado a anunciar um contingenciamento duro, mais cedo ou mais tarde, para n\u00e3o descumprir a regra do teto [&hellip;]<\/p>\n","protected":false},"author":22,"featured_media":9892,"comment_status":"open","ping_status":"closed","sticky":false,"template":"","format":"standard","meta":{"footnotes":""},"categories":[600],"tags":[2554,254,734,549,5301],"class_list":["post-17860","post","type-post","status-publish","format-standard","has-post-thumbnail","hentry","category-economia","tag-bolsonaro","tag-congresso","tag-contingenciamento","tag-orcamento","tag-pedalada"],"_links":{"self":[{"href":"https:\/\/blogs.correiobraziliense.com.br\/vicente\/wp-json\/wp\/v2\/posts\/17860","targetHints":{"allow":["GET"]}}],"collection":[{"href":"https:\/\/blogs.correiobraziliense.com.br\/vicente\/wp-json\/wp\/v2\/posts"}],"about":[{"href":"https:\/\/blogs.correiobraziliense.com.br\/vicente\/wp-json\/wp\/v2\/types\/post"}],"author":[{"embeddable":true,"href":"https:\/\/blogs.correiobraziliense.com.br\/vicente\/wp-json\/wp\/v2\/users\/22"}],"replies":[{"embeddable":true,"href":"https:\/\/blogs.correiobraziliense.com.br\/vicente\/wp-json\/wp\/v2\/comments?post=17860"}],"version-history":[{"count":12,"href":"https:\/\/blogs.correiobraziliense.com.br\/vicente\/wp-json\/wp\/v2\/posts\/17860\/revisions"}],"predecessor-version":[{"id":17889,"href":"https:\/\/blogs.correiobraziliense.com.br\/vicente\/wp-json\/wp\/v2\/posts\/17860\/revisions\/17889"}],"wp:featuredmedia":[{"embeddable":true,"href":"https:\/\/blogs.correiobraziliense.com.br\/vicente\/wp-json\/wp\/v2\/media\/9892"}],"wp:attachment":[{"href":"https:\/\/blogs.correiobraziliense.com.br\/vicente\/wp-json\/wp\/v2\/media?parent=17860"}],"wp:term":[{"taxonomy":"category","embeddable":true,"href":"https:\/\/blogs.correiobraziliense.com.br\/vicente\/wp-json\/wp\/v2\/categories?post=17860"},{"taxonomy":"post_tag","embeddable":true,"href":"https:\/\/blogs.correiobraziliense.com.br\/vicente\/wp-json\/wp\/v2\/tags?post=17860"}],"curies":[{"name":"wp","href":"https:\/\/api.w.org\/{rel}","templated":true}]}}