{"id":17828,"date":"2021-03-25T09:41:26","date_gmt":"2021-03-25T12:41:26","guid":{"rendered":"https:\/\/blogs.correiobraziliense.com.br\/vicente\/?p=17828"},"modified":"2021-03-25T09:41:26","modified_gmt":"2021-03-25T12:41:26","slug":"bc-preve-primeiro-superavit-em-transacoes-correntes-desde-2007","status":"publish","type":"post","link":"https:\/\/blogs.correiobraziliense.com.br\/vicente\/bc-preve-primeiro-superavit-em-transacoes-correntes-desde-2007\/","title":{"rendered":"BC prev\u00ea primeiro superavit em transa\u00e7\u00f5es correntes desde 2007"},"content":{"rendered":"<h2>ROSANA HESSEL<\/h2>\n<h2><\/h2>\n<h2>Apesar de fazer proje\u00e7\u00f5es mais pessimistas para a atividade econ\u00f4mica do pa\u00eds, o Banco Central passou a desenhar um cen\u00e1rio mais otimista para o setor externo, principalmente, para as exporta\u00e7\u00f5es brasileiras neste ano.\u00a0A autoridade monet\u00e1ria manteve a previs\u00e3o de dezembro de 2020 para o fluxo de Investimento Direto no Pa\u00eds (IDP) em US$ 60 bilh\u00f5es, mas elevou a expectativa de superavit da balan\u00e7a comercial, melhorando a proje\u00e7\u00e3o para o saldo de transa\u00e7\u00f5es correntes do pa\u00eds com o resto do mundo para um &#8220;ligeiro superavit de 0,2% do Produto Interno Bruto (PIB)&#8221;.<\/h2>\n<h2><\/h2>\n<p>Se confirmado, ser\u00e1 o primeiro resultado positivo desde 2007.\u00a0As novas proje\u00e7\u00f5es do BC fazem parte do Relat\u00f3rio Trimestral de Infla\u00e7\u00e3o (RTI), divulgado nesta quinta-feira (25\/03), onde <a href=\"https:\/\/blogs.correiobraziliense.com.br\/vicente\/banco-central-reduz-projecao-do-pib-e-eleva-a-de-inflacao\/\">a autoridade monet\u00e1ria reduziu de 3,8% para 3,6% a previs\u00e3o para o crescimento do PIB deste ano e elevou de 3,4% para 5% a previs\u00e3o para a infla\u00e7\u00e3o<\/a>.\u00a0 Em dezembro de 2020, a proje\u00e7\u00e3o do BC para o saldo de transa\u00e7\u00f5es correntes era de um deficit de US$ 19 bilh\u00f5es e, no de mar\u00e7o de 2021, passou para um superavit de US$ 2 bilh\u00f5es.<\/p>\n<p>&nbsp;<\/p>\n<p>&#8220;Essa revis\u00e3o foi ocasionada, principalmente,\u00a0pelo aumento do saldo comercial&#8221;, de acordo com o documento. Segundo o texto, apesar de terem\u00a0come\u00e7ado o ano em n\u00edvel deprimido, espera-se\u00a0que as exporta\u00e7\u00f5es aumentem a partir de mar\u00e7o, &#8220;impulsionadas pelo escoamento da boa safra de soja,\u00a0pelo patamar elevado para pre\u00e7os de commodities e\u00a0pela recupera\u00e7\u00e3o da demanda internacional. Nesse\u00a0contexto, as exporta\u00e7\u00f5es devem atingir US$ 256\u00a0bilh\u00f5es, &#8220;valor que se equipara ao recorde da s\u00e9rie\u00a0hist\u00f3rica atingido em 2011&#8221;.<\/p>\n<p>&nbsp;<\/p>\n<p>A previs\u00e3o anterior para as exporta\u00e7\u00f5es estava em US$ 221 bilh\u00f5es. As estimativas para as importa\u00e7\u00f5es tamb\u00e9m aumentaram, passando de US$ 168 bilh\u00f5es para US$ 186 bilh\u00f5es. Com isso, o saldo projetado pelo BC para a balan\u00e7a comercial passou de US$ 53 bilh\u00f5es para US$ 70 bilh\u00f5es.<\/p>\n<p>&nbsp;<\/p>\n<p>De acordo com o relat\u00f3rio, as exporta\u00e7\u00f5es e as importa\u00e7\u00f5es de bens e servi\u00e7os,\u00a0em 2021, devem variar, na ordem, 5,8% e 5,4%, ante<br \/>\nproje\u00e7\u00f5es respectivas de 6,1% e 2,6% apresentadas\u00a0no RTI anterior. &#8220;A relativa estabilidade no crescimento\u00a0esperado para as exporta\u00e7\u00f5es repercute ligeira\u00a0melhora na proje\u00e7\u00e3o para o embarque de bens\u00a0\u2013 em linha com escoamento da safra de soja e a\u00a0retomada da demanda internacional em ambiente\u00a0de recupera\u00e7\u00e3o global \u2013 e redu\u00e7\u00e3o na estimativa para\u00a0exporta\u00e7\u00e3o de servi\u00e7os.&#8221; O documento ainda informou que, a despeito da taxa de c\u00e2mbio\u00a0mais alta, a eleva\u00e7\u00e3o na previs\u00e3o para as importa\u00e7\u00f5es &#8220;reflete as j\u00e1 mencionadas compras de equipamentos\u00a0para a ind\u00fastria de petr\u00f3leo e g\u00e1s e expectativa\u00a0mais favor\u00e1vel para ind\u00fastria de transforma\u00e7\u00e3o, com\u00a0efeitos sobre a importa\u00e7\u00e3o de bens intermedi\u00e1rios&#8221;.<\/p>\n<p>&nbsp;<\/p>\n<p>Em 2020, o fluxo de IDP encolheu 50% passando de US$ 69 bilh\u00f5es, em 2019, para US$ 34 bilh\u00f5es no ano passado.\u00a0 &#8220;<span style=\"font-weight: 400\">Como tais fluxos s\u00e3o considerados de fundamental import\u00e2ncia para a transfer\u00eancia de tecnologia, \u00e9 poss\u00edvel que quedas duradouras dessa vari\u00e1vel possam comprometer o processo de integra\u00e7\u00e3o nas cadeias globais de valor e a competitividade dos pa\u00edses afetados, com consequ\u00eancias para seu desenvolvimento econ\u00f4mico de longo prazo&#8221;, alertou o BC no RTI, que destacou que o comportamento dessa vari\u00e1vel no Brasil teve forte impacto da pandemia da covid-19.\u00a0<\/span><\/p>\n","protected":false},"excerpt":{"rendered":"<p>ROSANA HESSEL Apesar de fazer proje\u00e7\u00f5es mais pessimistas para a atividade econ\u00f4mica do pa\u00eds, o Banco Central passou a desenhar um cen\u00e1rio mais otimista para o setor externo, principalmente, para as exporta\u00e7\u00f5es brasileiras neste ano.\u00a0A autoridade monet\u00e1ria manteve a previs\u00e3o de dezembro de 2020 para o fluxo de Investimento Direto no Pa\u00eds (IDP) em US$ [&hellip;]<\/p>\n","protected":false},"author":22,"featured_media":15102,"comment_status":"open","ping_status":"closed","sticky":false,"template":"","format":"standard","meta":{"footnotes":""},"categories":[600],"tags":[3,3642,723,4966,472,4964,5299],"class_list":["post-17828","post","type-post","status-publish","format-standard","has-post-thumbnail","hentry","category-economia","tag-banco-central","tag-conta-corrente","tag-exportacoes","tag-idp","tag-relatorio-de-inflacao","tag-setor-externo","tag-transacoes-correntes"],"_links":{"self":[{"href":"https:\/\/blogs.correiobraziliense.com.br\/vicente\/wp-json\/wp\/v2\/posts\/17828","targetHints":{"allow":["GET"]}}],"collection":[{"href":"https:\/\/blogs.correiobraziliense.com.br\/vicente\/wp-json\/wp\/v2\/posts"}],"about":[{"href":"https:\/\/blogs.correiobraziliense.com.br\/vicente\/wp-json\/wp\/v2\/types\/post"}],"author":[{"embeddable":true,"href":"https:\/\/blogs.correiobraziliense.com.br\/vicente\/wp-json\/wp\/v2\/users\/22"}],"replies":[{"embeddable":true,"href":"https:\/\/blogs.correiobraziliense.com.br\/vicente\/wp-json\/wp\/v2\/comments?post=17828"}],"version-history":[{"count":3,"href":"https:\/\/blogs.correiobraziliense.com.br\/vicente\/wp-json\/wp\/v2\/posts\/17828\/revisions"}],"predecessor-version":[{"id":17831,"href":"https:\/\/blogs.correiobraziliense.com.br\/vicente\/wp-json\/wp\/v2\/posts\/17828\/revisions\/17831"}],"wp:featuredmedia":[{"embeddable":true,"href":"https:\/\/blogs.correiobraziliense.com.br\/vicente\/wp-json\/wp\/v2\/media\/15102"}],"wp:attachment":[{"href":"https:\/\/blogs.correiobraziliense.com.br\/vicente\/wp-json\/wp\/v2\/media?parent=17828"}],"wp:term":[{"taxonomy":"category","embeddable":true,"href":"https:\/\/blogs.correiobraziliense.com.br\/vicente\/wp-json\/wp\/v2\/categories?post=17828"},{"taxonomy":"post_tag","embeddable":true,"href":"https:\/\/blogs.correiobraziliense.com.br\/vicente\/wp-json\/wp\/v2\/tags?post=17828"}],"curies":[{"name":"wp","href":"https:\/\/api.w.org\/{rel}","templated":true}]}}