{"id":17790,"date":"2021-03-24T16:16:45","date_gmt":"2021-03-24T19:16:45","guid":{"rendered":"https:\/\/blogs.correiobraziliense.com.br\/vicente\/?p=17790"},"modified":"2021-03-24T22:06:25","modified_gmt":"2021-03-25T01:06:25","slug":"colchao-da-divida-cresce-r-127-bilhoes-e-e-suficiente-para-seis-meses-diz-tesouro","status":"publish","type":"post","link":"https:\/\/blogs.correiobraziliense.com.br\/vicente\/colchao-da-divida-cresce-r-127-bilhoes-e-e-suficiente-para-seis-meses-diz-tesouro\/","title":{"rendered":"Colch\u00e3o da d\u00edvida cresce R$ 127 bilh\u00f5es e \u00e9 suficiente para seis meses, diz Tesouro"},"content":{"rendered":"<h2><span style=\"font-weight: 400\">ROSANA HESSEL<\/span><\/h2>\n<h2>Gra\u00e7as ao volume de emiss\u00f5es l\u00edquidas acima da m\u00e9dia, e um dos melhores da hist\u00f3ria, o Tesouro Nacional ampliou o colch\u00e3o de liquidez, no m\u00eas de fevereiro, em R$ 127 bilh\u00f5es. O dado representa aumento de 15,8% na compara\u00e7\u00e3o com janeiro.<\/h2>\n<p>&nbsp;<\/p>\n<p>De acordo com <span style=\"font-weight: 400\">Luis Felipe Vital, coordenador-geral de Opera\u00e7\u00f5es da D\u00edvida P\u00fablica do Tesouro<\/span>, com o aumento expressivo de emiss\u00f5es l\u00edquidas em fevereiro, o colch\u00e3o da d\u00edvida p\u00fablica passou de R$ 806 bilh\u00f5es para R$ 933 bilh\u00f5es entre janeiro e fevereiro, o maior patamar em 12 meses.\u00a0\u00a0&#8220;Esse volume \u00e9 suficiente para mais de seis meses de vencimentos \u00e0 frente&#8221;, garantiu Vidal, <span style=\"font-weight: 400\">nesta quarta-feira (24\/03), durante a apresenta\u00e7\u00e3o virtual a jornalistas do relat\u00f3rio mensal da d\u00edvida p\u00fablica<\/span>. Segundo ele, no m\u00eas passado, o\u00a0Brasil teve aumento na percep\u00e7\u00e3o de risco &#8220;bastante alinhada&#8221; com seus pares emergentes.<\/p>\n<p>&nbsp;<\/p>\n<p>O volume de emiss\u00f5es da D\u00edvida P\u00fablica Federal (DPF) somou R$ 177,96 bilh\u00f5es em fevereiro, o segundo maior volume de emiss\u00f5es e o melhor m\u00eas de fevereiro da s\u00e9rie hist\u00f3rica, de acordo com Vital. Descontados os resgates, de R$ 66,46 bilh\u00f5es, a emiss\u00e3o l\u00edquida somou R$ 111,5 bilh\u00f5es,\u00a0<span style=\"font-weight: 400\">a terceira maior emiss\u00e3o l\u00edquida da hist\u00f3ria, superada pelos meses de novembro e dezembro de 2020, segundo Vital.\u00a0<\/span><\/p>\n<p>&nbsp;<\/p>\n<p>O t\u00e9cnico destacou que o Tesouro iniciou a rolagem antecipada em 2021 ajudou a ampliar o volume de emiss\u00f5es para o melhor m\u00eas da hist\u00f3ria, segundo Vital. Em fevereiro, realizou v\u00e1rios leil\u00f5es onde trocava os t\u00edtulos vincendo por L<span style=\"font-weight: 400\">etras Financeira do Tesouro (LFTs), indexadas \u00e0 taxa b\u00e1sica de juros (Selic), <\/span> mais longas e conseguiu reduzir R$ 46,37 bilh\u00f5es de leil\u00f5es antecipados, e, com isso, a &#8220;torre de matura\u00e7\u00e3o&#8221; caiu de R$ 184,4 bilh\u00f5es para R$ 138,5 bilh\u00f5es.<\/p>\n<p>&nbsp;<\/p>\n<p>Conforme os dados do Tesouro, os meses de mar\u00e7o, abril e maio de 2021 concentrar\u00e3o vencimentos estimados em R$ 581,2 bilh\u00f5es. \u201cEsse volume de vencimentos \u00e9 bastante expressivo e, dada a piora no cen\u00e1rio interno, \u00e9 prov\u00e1vel que o Tesouro tenha dificuldade para realizar emiss\u00f5es em volume expressivo\u201d, alertou o economista Sergio Goldenstein, consultor independente da Ohmresearch Independent Insights. \u201cFevereiro teve um aumento discreto nas taxas de juros dos t\u00edtulos prefixados, mas mar\u00e7o est\u00e1 mais significativo e essa abertura foi intensificada ap\u00f3s a decis\u00e3o do Banco Central em elevar a Selic (taxa b\u00e1sica da economia) em 0,75 ponto percentual e soltar um comunicado duro. Isso pode gerar uma din\u00e2mica ruim nas pr\u00f3ximas semanas, o que reduziria o espa\u00e7o para o Tesouro fazer emiss\u00f5es significativas. A tend\u00eancia \u00e9 que haja um aumento da participa\u00e7\u00e3o relativa dos t\u00edtulos p\u00f3s-fixados, as LFTs\u201d, comentou.<\/p>\n<p>&nbsp;<\/p>\n<p><strong>Estoque crescente<\/strong><\/p>\n<p>&nbsp;<\/p>\n<p><span style=\"font-weight: 400\">O volume de t\u00edtulos da Uni\u00e3o emitidos nos mercados interno e externo e que comp\u00f5em o estoque da DPF registrou crescimento de 2,7% em rela\u00e7\u00e3o ao m\u00eas anterior, totalizando R$ 5,198 trilh\u00f5es, conforme dados do Tesouro Nacional divulgados hoje.\u00a0<\/span><span style=\"font-weight: 400\">Esse aumento equivale a R$ 139,2 bilh\u00f5es, dos quais R$ 111,5 bilh\u00f5es foram emiss\u00f5es l\u00edquidas e\u00a0<\/span><span style=\"font-weight: 400\">R$ 27,7 bilh\u00f5es referentes \u00e0 apropria\u00e7\u00e3o de juros.\u00a0\u00a0<\/span><\/p>\n<p>&nbsp;<\/p>\n<p><span style=\"font-weight: 400\">No m\u00eas passado, o estoque da D\u00edvida P\u00fablica Mobili\u00e1ria Federal interna (DPMFI)\u00a0 cresceu 2,67%, totalizando R$ 4,821 trilh\u00f5es.\u00a0 E<\/span><span style=\"font-weight: 400\">nquanto isso, a DPF externa cresceu 4,22%, encerrando fevereiro em R$ 247,9 bilh\u00f5es.\u00a0<\/span><\/p>\n<p>&nbsp;<\/p>\n<p><span style=\"font-weight: 400\">O \u00f3rg\u00e3o informou que o custo m\u00e9dio das emiss\u00f5es em ofer<\/span><span style=\"font-weight: 400\">ta p\u00fablica da DPMFi apresentou aumento de 4,6%, em janeiro, para 4,7% em fevereiro. <\/span><span style=\"font-weight: 400\">Enquanto isso, o custo m\u00e9dio do estoque da DPF no acumulado em 12 meses apresentou redu\u00e7\u00e3o de 8,3% ao ano para 8,1%, entre janeiro e fevereiro, sendo que o da DPMFi manteve-se em 7,2% ao ano, o menor da s\u00e9rie. Contudo, essa diminui\u00e7\u00e3o do custo m\u00e9dio do estoque \u00e9 explicada pela queda do custo da DPFe, que encolheu 35% para 29,7% ao ano, segundo dados do relat\u00f3rio do Tesouro.<\/span><\/p>\n<p>&nbsp;<\/p>\n<p><strong>Custos de emiss\u00f5es<\/strong><\/p>\n<p>&nbsp;<\/p>\n<p>Apesar de os custos das emiss\u00f5es terem apresentado leve crescimento em fevereiro na m\u00e9dia, Vidal reconheceu que, em mar\u00e7o, as taxas de juros dos papeis da Uni\u00e3o est\u00e3o em alta devido ao cen\u00e1rio mais turbulento com a piora no cen\u00e1rio interno devido ao agravamento da pandemia no pa\u00eds. Contudo, ele tentou minimizar o problema e classificou que n\u00e3o \u00e9 uma tend\u00eancia, apesar de o Banco Central ter iniciado um novo ciclo de alta na taxa b\u00e1sica da economia, a Selic, que pode encerrar o ano entre 4,5% e 5,5% ao ano, pelas previs\u00f5es do mercado.<\/p>\n<p>&nbsp;<\/p>\n<p>&#8220;Mar\u00e7o foi um m\u00eas com um pouco de mais turbul\u00eancia nos mercados e de eleva\u00e7\u00e3o das taxas de juros. Podemos observar custos maiores sim. Mas n\u00e3o significa uma tend\u00eancia&#8221;, disse.<\/p>\n<p>&nbsp;<\/p>\n<p>Vital evitou fazer proje\u00e7\u00f5es para o aumento do custo da d\u00edvida com a Selic maior e com a infla\u00e7\u00e3o em alta e garantiu que os custos est\u00e3o dentro das previs\u00f5es do Plano Anual de Financiamento (PAF).<\/p>\n<p>&nbsp;<\/p>\n<p><strong>Devolu\u00e7\u00f5es do BNDES<\/strong><\/p>\n<p>&nbsp;<\/p>\n<p>O t\u00e9cnico ainda informou que o Tesouro trabalha com um cronograma de devolu\u00e7\u00f5es dos aportes da Uni\u00e3o no Banco Nacional de Desenvolvimento Econ\u00f4mico e Social (BNDES) que somam R$ 100 bilh\u00f5es e que devem ajudar a reduzir a necessidade de emiss\u00f5es ao longo do ano.<\/p>\n<p>&nbsp;<\/p>\n<p>&#8220;Estamos trabalhando com esse cen\u00e1rio. J\u00e1 entraram R$ 38 bilh\u00f5es em mar\u00e7o e aguardamos os R$ 62 bilh\u00f5es restantes que devem ocorrer ao longo de 2021. Esse \u00e9 o cen\u00e1rio que temos hoje par ao BNDES&#8221;, afirmou.<\/p>\n<p>&nbsp;<\/p>\n<p>&nbsp;<\/p>\n<p>Conforme os dados do Tesouro, os<span style=\"font-weight: 400\">\u00a0t\u00edtulos indexados \u00e0 taxa b\u00e1sica de juros, as LFTs, tiveram redu\u00e7\u00e3o de 35,3% para 34,8% da DPF, entre janeiro e fevereiro. A participa\u00e7\u00e3o dos t\u00edtulos prefixados, conhecidos como Letra do Tesouro Nacional (LTN), aumentaram a participa\u00e7\u00e3o de 33,7% para 34,4%, na mesma base de compara\u00e7\u00e3o. A fatia dos papeis atrelados ao \u00cdndice de Pre\u00e7os ao Consumidor Amplo (IPCA), que mede a infla\u00e7\u00e3o oficial, teve leve recuo, passando de 26% para 25,8%.<\/span><\/p>\n<p>&nbsp;<\/p>\n<p><span style=\"font-weight: 400\">Com rela\u00e7\u00e3o aos detentores, o grupo Institui\u00e7\u00f5es Financeiras permaneceu como o maior credor da Uni\u00e3o, detendo 30,2% do estoque da DPMFi. O segundo maior grupo de detentores foram os Fundos de Investimento, com 25,1% do bolo.\u00a0<\/span><span style=\"font-weight: 400\">Em rela\u00e7\u00e3o ao estoque, as principais varia\u00e7\u00f5es foram Institui\u00e7\u00f5es Financeiras (R$ 61,5 bilh\u00f5es) e Previd\u00eancia (R$ 21,8 bilh\u00f5es). At\u00e9 o m\u00eas de fevereiro, o estoque de n\u00e3o residentes apresentou crescimento de R$ 26,5 bilh\u00f5es, cuja participa\u00e7\u00e3o passou de 9,3% para 9,4%, entre janeiro e fevereiro. <\/span><\/p>\n","protected":false},"excerpt":{"rendered":"<p>ROSANA HESSEL Gra\u00e7as ao volume de emiss\u00f5es l\u00edquidas acima da m\u00e9dia, e um dos melhores da hist\u00f3ria, o Tesouro Nacional ampliou o colch\u00e3o de liquidez, no m\u00eas de fevereiro, em R$ 127 bilh\u00f5es. O dado representa aumento de 15,8% na compara\u00e7\u00e3o com janeiro. &nbsp; De acordo com Luis Felipe Vital, coordenador-geral de Opera\u00e7\u00f5es da D\u00edvida [&hellip;]<\/p>\n","protected":false},"author":22,"featured_media":17184,"comment_status":"open","ping_status":"closed","sticky":false,"template":"","format":"standard","meta":{"footnotes":""},"categories":[600],"tags":[5126,804,4075,4,2254,121],"class_list":["post-17790","post","type-post","status-publish","format-standard","has-post-thumbnail","hentry","category-economia","tag-colchao-de-liquidez","tag-divida-publica","tag-estoque","tag-juros","tag-mercados","tag-tesouro-nacional"],"_links":{"self":[{"href":"https:\/\/blogs.correiobraziliense.com.br\/vicente\/wp-json\/wp\/v2\/posts\/17790","targetHints":{"allow":["GET"]}}],"collection":[{"href":"https:\/\/blogs.correiobraziliense.com.br\/vicente\/wp-json\/wp\/v2\/posts"}],"about":[{"href":"https:\/\/blogs.correiobraziliense.com.br\/vicente\/wp-json\/wp\/v2\/types\/post"}],"author":[{"embeddable":true,"href":"https:\/\/blogs.correiobraziliense.com.br\/vicente\/wp-json\/wp\/v2\/users\/22"}],"replies":[{"embeddable":true,"href":"https:\/\/blogs.correiobraziliense.com.br\/vicente\/wp-json\/wp\/v2\/comments?post=17790"}],"version-history":[{"count":12,"href":"https:\/\/blogs.correiobraziliense.com.br\/vicente\/wp-json\/wp\/v2\/posts\/17790\/revisions"}],"predecessor-version":[{"id":17817,"href":"https:\/\/blogs.correiobraziliense.com.br\/vicente\/wp-json\/wp\/v2\/posts\/17790\/revisions\/17817"}],"wp:featuredmedia":[{"embeddable":true,"href":"https:\/\/blogs.correiobraziliense.com.br\/vicente\/wp-json\/wp\/v2\/media\/17184"}],"wp:attachment":[{"href":"https:\/\/blogs.correiobraziliense.com.br\/vicente\/wp-json\/wp\/v2\/media?parent=17790"}],"wp:term":[{"taxonomy":"category","embeddable":true,"href":"https:\/\/blogs.correiobraziliense.com.br\/vicente\/wp-json\/wp\/v2\/categories?post=17790"},{"taxonomy":"post_tag","embeddable":true,"href":"https:\/\/blogs.correiobraziliense.com.br\/vicente\/wp-json\/wp\/v2\/tags?post=17790"}],"curies":[{"name":"wp","href":"https:\/\/api.w.org\/{rel}","templated":true}]}}