{"id":17783,"date":"2021-03-24T12:12:06","date_gmt":"2021-03-24T15:12:06","guid":{"rendered":"https:\/\/blogs.correiobraziliense.com.br\/vicente\/?p=17783"},"modified":"2021-03-24T16:39:24","modified_gmt":"2021-03-24T19:39:24","slug":"pega-fogo-no-tcu-ministra-da-poder-excessivo-para-assessora-chamada-de-primeira-ministra","status":"publish","type":"post","link":"https:\/\/blogs.correiobraziliense.com.br\/vicente\/pega-fogo-no-tcu-ministra-da-poder-excessivo-para-assessora-chamada-de-primeira-ministra\/","title":{"rendered":"Pega fogo no TCU: ministra d\u00e1 poder excessivo para assessora, chamada de &#8220;primeira-ministra&#8221;"},"content":{"rendered":"<h2>Refer\u00eancia para o setor p\u00fablico, sobretudo quando se trata de boa gest\u00e3o, o Tribunal de Contas da Uni\u00e3o (TCU) est\u00e1 pegando fogo. Tudo porque a nova presidente do \u00f3rg\u00e3o, Ana Arraes, delegou poder excessivo a uma de suas assistentes, Tatiana Galv\u00e3o, que \u00e9 comissionada, n\u00e3o \u00e9 do quadro efetivo do tribunal. Ela \u00e9 chamada pelos funcion\u00e1rios do TCU de &#8220;primeira-ministra&#8221;.<\/h2>\n<p>&nbsp;<\/p>\n<p>O excessivo poder de Tatiana derrubou dois dos mais respeitados servidores do TCU: Cl\u00e1udia Gon\u00e7alves Mancebo e M\u00e1rio Andr\u00e9 Santos de Albuquerque, abriram m\u00e3o, respectivamente, das fun\u00e7\u00f5es de secret\u00e1ria-geral de Administra\u00e7\u00e3o e secret\u00e1rio-geral adjunto de Administra\u00e7\u00e3o. Eles deixaram os cargos na segunda-feira (22\/03). Foi uma como\u00e7\u00e3o geral.<\/p>\n<p>&nbsp;<\/p>\n<p>Segundo servidores, a\u00a0gest\u00e3o da ministra Ana Arraes na presid\u00eancia do TCU j\u00e1 come\u00e7ou marcada por conflitos, que vem se intensificando desde dezembro de 2020, quando o auditor de carreira, Marcelo Eira, declinou do convite para ocupar uma das fun\u00e7\u00f5es de lideran\u00e7a no \u00f3rg\u00e3o de fiscaliza\u00e7\u00e3o. Ele n\u00e3o aceitou a inger\u00eancia de Tatiana na forma\u00e7\u00e3o de sua equipe t\u00e9cnica. Eira \u00e9 respeitado pela classe e foi secret\u00e1rio-geral adjunto de Controle Externo durante a gest\u00e3o do ministro Jos\u00e9 M\u00facio Monteiro.<\/p>\n<p>&nbsp;<\/p>\n<p><strong>Press\u00e3o para acabar com cargos comissionados<\/strong><\/p>\n<p>&nbsp;<\/p>\n<p>&#8220;Al\u00e9m dos desentendimentos durante a transi\u00e7\u00e3o, o que afastou auditores de carreira da gest\u00e3o de Ana Arraes, agora, foi a vez de a secret\u00e1ria-geral de Administra\u00e7\u00e3o e de seu adjunto, ambos auditores de carreira, desembarcarem. No centro das sucessivas crises est\u00e1 a inger\u00eancia da comissionada que n\u00e3o integra o quadro pr\u00f3prio do TCU, Tatiana Galv\u00e3o, bra\u00e7o direito da ministra desde seu mandato de parlamentar na C\u00e2mara dos Deputados&#8221;, diz uma fonte.<\/p>\n<p>&nbsp;<\/p>\n<p>Segundo outro interlocutor, Tatiana, a \u201cprimeira-ministra\u201d do TCU, montou uma lista com nomes de auditores desafetos que estariam proibidos de ocupar fun\u00e7\u00f5es gratificadas no Tribunal. A\u00a0rea\u00e7\u00e3o foi imediata. Nos bastidores, j\u00e1 se cogita extinguir os dois cargos comissionados que cada gabinete de autoridade tem direito. Essas fun\u00e7\u00f5es comissionadas foram criadas em 1995 para auxiliar o ministro Iran Saraiva, cadeirante que perdeu o movimento das pernas em raz\u00e3o de um acidente.<\/p>\n<p>&nbsp;<\/p>\n<p>Em nota, quatro entidades declararam confian\u00e7a e manifestaram apoio aos auditores de carreira que deixaram as fun\u00e7\u00f5es que s\u00e3o exclusivas para integrantes da carreira. H\u00e1 receio de comprometimento da gest\u00e3o, com reflexos na atividade de fiscaliza\u00e7\u00e3o e no clima organizacional do TCU. Tudo o que \u00e9 definido pela Secretaria-Geral do Tribunal serve de par\u00e2metro para restante do setor p\u00fablico.<\/p>\n<p>&nbsp;<\/p>\n<p>Veja a \u00edntegra da nota divulgada pelas entidades que representam os servidores do TCU:<\/p>\n<p>&nbsp;<\/p>\n<p><em>&#8220;A Confedera\u00e7\u00e3o Nacional dos Servidores P\u00fablicos (CNSP), for\u00e7a associativa de entidades do funcionalismo p\u00fablico, a Associa\u00e7\u00e3o Nacional dos Auditores de Controle Externo dos Tribunais de Contas do Brasil (ANTC), entidade de classe de \u00e2mbito nacional integrada exclusivamente pelos Auditores de Controle Externo do Brasil, a Associa\u00e7\u00e3o da Auditoria de Controle Externo do Tribunal de Contas da Uni\u00e3o (AUD-TCU), entidade de \u00e2mbito federal de representa\u00e7\u00e3o homog\u00eanea que congrega os Auditores Federais de Controle Externo-\u00c1rea de Controle Externo do Tribunal de Contas da Uni\u00e3o, e o Sindicato dos Servidores do Poder Legislativo Federal e do Tribunal de Contas da Uni\u00e3o (Sindilegis), entidade de representa\u00e7\u00e3o sindical dos servidores da C\u00e2mara dos Deputados, do Senado Federal e do Tribunal de Contas da Uni\u00e3o, v\u00eam a p\u00fablico DECLARAR confian\u00e7a inabal\u00e1vel e ressaltar as habilidades t\u00e9cnicas, pessoais e gerenciais dos Auditores Federais de Controle Externo-\u00c1rea de Controle Externo do TCU, CLAUDIA GON\u00c7ALVES MANCEBO e MARCIO ANDR\u00c9 SANTOS DE ALBUQUERQUE, Secret\u00e1ria-Geral de Administra\u00e7\u00e3o e Secret\u00e1rio-Geral Adjunto de Administra\u00e7\u00e3o, dispensados das respectivas fun\u00e7\u00f5es de lideran\u00e7a em 22\/3\/2021&#8221;.<\/em><\/p>\n<p>&nbsp;<\/p>\n<p><em>Bras\u00edlia, 12h12min<\/em><\/p>\n","protected":false},"excerpt":{"rendered":"<p>Refer\u00eancia para o setor p\u00fablico, sobretudo quando se trata de boa gest\u00e3o, o Tribunal de Contas da Uni\u00e3o (TCU) est\u00e1 pegando fogo. Tudo porque a nova presidente do \u00f3rg\u00e3o, Ana Arraes, delegou poder excessivo a uma de suas assistentes, Tatiana Galv\u00e3o, que \u00e9 comissionada, n\u00e3o \u00e9 do quadro efetivo do tribunal. Ela \u00e9 chamada pelos [&hellip;]<\/p>\n","protected":false},"author":22,"featured_media":17784,"comment_status":"open","ping_status":"closed","sticky":false,"template":"","format":"standard","meta":{"footnotes":""},"categories":[600],"tags":[926,5297,589,5296,2526,2787],"class_list":["post-17783","post","type-post","status-publish","format-standard","has-post-thumbnail","hentry","category-economia","tag-brasilia","tag-chamada-de-primeira-ministra","tag-economia","tag-pega-fogo-no-tcu-ministra-da-poder-excessivo-para-assessora","tag-poder","tag-politica"],"_links":{"self":[{"href":"https:\/\/blogs.correiobraziliense.com.br\/vicente\/wp-json\/wp\/v2\/posts\/17783","targetHints":{"allow":["GET"]}}],"collection":[{"href":"https:\/\/blogs.correiobraziliense.com.br\/vicente\/wp-json\/wp\/v2\/posts"}],"about":[{"href":"https:\/\/blogs.correiobraziliense.com.br\/vicente\/wp-json\/wp\/v2\/types\/post"}],"author":[{"embeddable":true,"href":"https:\/\/blogs.correiobraziliense.com.br\/vicente\/wp-json\/wp\/v2\/users\/22"}],"replies":[{"embeddable":true,"href":"https:\/\/blogs.correiobraziliense.com.br\/vicente\/wp-json\/wp\/v2\/comments?post=17783"}],"version-history":[{"count":6,"href":"https:\/\/blogs.correiobraziliense.com.br\/vicente\/wp-json\/wp\/v2\/posts\/17783\/revisions"}],"predecessor-version":[{"id":17797,"href":"https:\/\/blogs.correiobraziliense.com.br\/vicente\/wp-json\/wp\/v2\/posts\/17783\/revisions\/17797"}],"wp:featuredmedia":[{"embeddable":true,"href":"https:\/\/blogs.correiobraziliense.com.br\/vicente\/wp-json\/wp\/v2\/media\/17784"}],"wp:attachment":[{"href":"https:\/\/blogs.correiobraziliense.com.br\/vicente\/wp-json\/wp\/v2\/media?parent=17783"}],"wp:term":[{"taxonomy":"category","embeddable":true,"href":"https:\/\/blogs.correiobraziliense.com.br\/vicente\/wp-json\/wp\/v2\/categories?post=17783"},{"taxonomy":"post_tag","embeddable":true,"href":"https:\/\/blogs.correiobraziliense.com.br\/vicente\/wp-json\/wp\/v2\/tags?post=17783"}],"curies":[{"name":"wp","href":"https:\/\/api.w.org\/{rel}","templated":true}]}}