{"id":17770,"date":"2021-03-22T18:01:22","date_gmt":"2021-03-22T21:01:22","guid":{"rendered":"https:\/\/blogs.correiobraziliense.com.br\/vicente\/?p=17770"},"modified":"2021-03-22T19:31:45","modified_gmt":"2021-03-22T22:31:45","slug":"novo-presidente-do-bb-enterra-privatizacao-da-instituicao-e-deve-vetar-venda-da-bb-dtvm","status":"publish","type":"post","link":"https:\/\/blogs.correiobraziliense.com.br\/vicente\/novo-presidente-do-bb-enterra-privatizacao-da-instituicao-e-deve-vetar-venda-da-bb-dtvm\/","title":{"rendered":"Novo presidente do BB enterra privatiza\u00e7\u00e3o da institui\u00e7\u00e3o e deve vetar venda da BB DTVM"},"content":{"rendered":"<h2>Os funcion\u00e1rios do Banco do Brasil est\u00e3o em festa. Pelo que j\u00e1 receberam de retorno do novo presidente da institui\u00e7\u00e3o, Fausto Ribeiro, que tomar\u00e1 posse no in\u00edcio de abril, n\u00e3o h\u00e1 qualquer possibilidade de ele levar adiante qualquer processo de privatiza\u00e7\u00e3o do BB. Mais: ao que tudo indica, vai rever todos os programas de desinvestimentos do banco. Isso quer dizer que a venda da BB DTVM dever\u00e1 ser vetada.<\/h2>\n<p>&nbsp;<\/p>\n<p>Ribeiro representa uma guinada em rela\u00e7\u00e3o a Rubem Novaes, primeiro a comandar o Banco do Brasil no governo de Jair Bolsonaro, e a Andr\u00e9 Brand\u00e3o, que renunciou ao cargo. Para ele, o BB tem de continuar sob controle do Estado e, em vez de encolher, desfazendo-se de neg\u00f3cios importantes, como a BB DTVM, que controla o grosso dos recursos administrados pela institui\u00e7\u00e3o, tem de crescer.<\/p>\n<p>&nbsp;<\/p>\n<p>Funcion\u00e1rio de carreira do BB, Ribeiro est\u00e1 recolhido desde foi anunciado como sucessor de Andr\u00e9 Brand\u00e3o. Mas, aos poucos colegas de trabalho com os quais conversou nos \u00faltimos dias, disse que a determina\u00e7\u00e3o de Bolsonaro \u00e9 de que o banco tenha um papel social. N\u00e3o \u00e9 s\u00f3: tudo indica que ele suspender\u00e1 o programa de fechamento de ag\u00eancias, piv\u00f4 da crise com Bolsonaro que levou \u00e0 demiss\u00e3o de Brand\u00e3o.<\/p>\n<p>&nbsp;<\/p>\n<p>Esse programa de fechamento de postos de atendimento foi dividido em quatro ondas, como se diz dentro do banco. A primeira, que agrega 90 pontos, incluindo ag\u00eancias, j\u00e1 foi conclu\u00edda, porque Brand\u00e3o pediu pressa. Os dois programas de demiss\u00e3o volunt\u00e1rias, tamb\u00e9m anunciados no in\u00edcio do ano, foram conclu\u00eddos com a ades\u00e3o de 5.500 funcion\u00e1rios.<\/p>\n<p>&nbsp;<\/p>\n<p><strong>Mudan\u00e7as nas vice-presid\u00eancias<\/strong><\/p>\n<p>&nbsp;<\/p>\n<p>Ribeiro tamb\u00e9m acertou com Bolsonaro liberdade para mudar a composi\u00e7\u00e3o da atual vice-presid\u00eancia do BB. Quer dar uma cara nova ao comando da institui\u00e7\u00e3o com pessoas de sua confian\u00e7a. Essa troca dever\u00e1 ser facilitada, pois pelo menos dois executivos j\u00e1 demonstraram desejo em deixar os cargos, n\u00famero que deve crescer, seja porque alguns t\u00eam idade para se aposentar, seja porque t\u00eam convite do mercado.<\/p>\n<p>&nbsp;<\/p>\n<p>Pelo menos uma vice-presid\u00eancia, a de Governo, ser\u00e1 entregue a um pol\u00edtico, muito provavelmente, ligado ao presidente da C\u00e2mara dos Deputados, Arthur Lira. Hoje, essa vice \u00e9 ocupada por Jo\u00e3o Rabelo J\u00fanior, que \u00e9 de carreira, mas come\u00e7ou a ganhar antipatia do Pal\u00e1cio do Planalto porque foi secret\u00e1rio-adjunto no Minist\u00e9rio da Fazenda na gest\u00e3o de Guido Mantega, do PT.<\/p>\n<p>&nbsp;<\/p>\n<p>Em meio a todos esses movimentos, Ribeiro est\u00e1 disposto, tamb\u00e9m com o apoio de Bolsonaro, a mudar o Conselho de Administra\u00e7\u00e3o do Banco do Brasil. Os mandatos dos atuais integrantes terminam em 28 de abril, quando haver\u00e1 assembleia para decidir se os atuais conselheiros continuam ou n\u00e3o. O novo presidente do BB n\u00e3o se conforma com a rea\u00e7\u00e3o contr\u00e1ria de v\u00e1rios conselheiros \u00e0 sua indica\u00e7\u00e3o.<\/p>\n<p>&nbsp;<\/p>\n<p>Para Ribeiro, o fato de conselheiros como H\u00e9lio Magalh\u00e3es, que foi do Citibank e hoje presidente o Conselho de Administra\u00e7\u00e3o do BB, e Jos\u00e9 Guimar\u00e3es Monforte\u00a0terem indicado que renunciariam aos cargos por causa da escolha de Bolsonaro mostra que eles n\u00e3o t\u00eam espa\u00e7o no futuro comando do banco. Se n\u00e3o renunciarem, ser\u00e3o defenestrados.<\/p>\n<p>&nbsp;<\/p>\n<p>H\u00e1 outro fator que pesa contra atuais conselheiros do Banco do Brasil: s\u00e3o extremamente a favor da privatiza\u00e7\u00e3o da institui\u00e7\u00e3o e s\u00e3o vistos pelos funcion\u00e1rios como entreguistas, por defenderem a venda de ativos importantes da institui\u00e7\u00e3o, como a BB DTVM, que estaria sendo negociada com o banco su\u00ed\u00e7o UBS, que j\u00e1 assumiu o controle do BB Investimentos. Esses neg\u00f3cios fechados com o UBS s\u00e3o alvos de v\u00e1rias representa\u00e7\u00f5es feitas ao Tribunal de Contas da Uni\u00e3o (TCU), que ainda n\u00e3o se manifestou sobre os casos.<\/p>\n<p>&nbsp;<\/p>\n<p>No nome de Ribeiro ainda precisa passar pelo\u00a0Comit\u00ea de Elegibilidade do Banco do Brasil, cuja miss\u00e3o \u00e9 de analisar se o indicado por Bolsonaro atende aos requisitos legais previstos na Lei das Estatais. Vencida essa etapa, caber\u00e1 ao presidente da Rep\u00fablica publicar um decreto com a nomea\u00e7\u00e3o.<\/p>\n<p>&nbsp;<\/p>\n<p><em>Bras\u00edlia, 18h01min<\/em><\/p>\n","protected":false},"excerpt":{"rendered":"<p>Os funcion\u00e1rios do Banco do Brasil est\u00e3o em festa. Pelo que j\u00e1 receberam de retorno do novo presidente da institui\u00e7\u00e3o, Fausto Ribeiro, que tomar\u00e1 posse no in\u00edcio de abril, n\u00e3o h\u00e1 qualquer possibilidade de ele levar adiante qualquer processo de privatiza\u00e7\u00e3o do BB. Mais: ao que tudo indica, vai rever todos os programas de desinvestimentos [&hellip;]<\/p>\n","protected":false},"author":22,"featured_media":11442,"comment_status":"open","ping_status":"closed","sticky":false,"template":"","format":"standard","meta":{"footnotes":""},"categories":[600],"tags":[589,4943,4547,5291],"class_list":["post-17770","post","type-post","status-publish","format-standard","has-post-thumbnail","hentry","category-economia","tag-economia","tag-financas","tag-negocios","tag-novo-presidente-do-bb-enterra-privatizacao-da-instituicao-e-deve-vetar-venda-da-bb-dtvm"],"_links":{"self":[{"href":"https:\/\/blogs.correiobraziliense.com.br\/vicente\/wp-json\/wp\/v2\/posts\/17770","targetHints":{"allow":["GET"]}}],"collection":[{"href":"https:\/\/blogs.correiobraziliense.com.br\/vicente\/wp-json\/wp\/v2\/posts"}],"about":[{"href":"https:\/\/blogs.correiobraziliense.com.br\/vicente\/wp-json\/wp\/v2\/types\/post"}],"author":[{"embeddable":true,"href":"https:\/\/blogs.correiobraziliense.com.br\/vicente\/wp-json\/wp\/v2\/users\/22"}],"replies":[{"embeddable":true,"href":"https:\/\/blogs.correiobraziliense.com.br\/vicente\/wp-json\/wp\/v2\/comments?post=17770"}],"version-history":[{"count":1,"href":"https:\/\/blogs.correiobraziliense.com.br\/vicente\/wp-json\/wp\/v2\/posts\/17770\/revisions"}],"predecessor-version":[{"id":17771,"href":"https:\/\/blogs.correiobraziliense.com.br\/vicente\/wp-json\/wp\/v2\/posts\/17770\/revisions\/17771"}],"wp:featuredmedia":[{"embeddable":true,"href":"https:\/\/blogs.correiobraziliense.com.br\/vicente\/wp-json\/wp\/v2\/media\/11442"}],"wp:attachment":[{"href":"https:\/\/blogs.correiobraziliense.com.br\/vicente\/wp-json\/wp\/v2\/media?parent=17770"}],"wp:term":[{"taxonomy":"category","embeddable":true,"href":"https:\/\/blogs.correiobraziliense.com.br\/vicente\/wp-json\/wp\/v2\/categories?post=17770"},{"taxonomy":"post_tag","embeddable":true,"href":"https:\/\/blogs.correiobraziliense.com.br\/vicente\/wp-json\/wp\/v2\/tags?post=17770"}],"curies":[{"name":"wp","href":"https:\/\/api.w.org\/{rel}","templated":true}]}}