{"id":17765,"date":"2021-03-21T21:23:04","date_gmt":"2021-03-22T00:23:04","guid":{"rendered":"https:\/\/blogs.correiobraziliense.com.br\/vicente\/?p=17765"},"modified":"2021-03-21T22:11:50","modified_gmt":"2021-03-22T01:11:50","slug":"estamos-no-limite-nao-da-mais-para-ficar-calado-diz-banqueiro-sobre-pandemia","status":"publish","type":"post","link":"https:\/\/blogs.correiobraziliense.com.br\/vicente\/estamos-no-limite-nao-da-mais-para-ficar-calado-diz-banqueiro-sobre-pandemia\/","title":{"rendered":"&#8220;Estamos no limite. N\u00e3o d\u00e1 mais para ficar calado&#8221;, diz banqueiro sobre pandemia"},"content":{"rendered":"<h2>Todos os passos para se chegar \u00e0 carta p\u00fablica assinada por banqueiros, economistas e empres\u00e1rios pedindo a\u00e7\u00e3o en\u00e9rgica do governo de Jair Bolsonaro para o controle da pandemia do novo coronav\u00edrus foram demarcados com cuidado. Os que assinaram o documento sabem o tamanho da repercuss\u00e3o que ele ganhou e o impacto pol\u00edtico que ter\u00e1.<\/h2>\n<p>&nbsp;<\/p>\n<p>Ao <strong>Blog<\/strong>, um dos banqueiros diz que n\u00e3o havia mais como se eximirem diante da gravidade da situa\u00e7\u00e3o, com n\u00famero recorde de mortes di\u00e1rias \u2014 mais de 2 mil \u2014 e colapso do sistema de sa\u00fade em praticamente todos os estados e no Distrito Federal. &#8220;Estamos no limite. N\u00e3o d\u00e1 mais para ficar calado&#8221;, afirma.<\/p>\n<p>&nbsp;<\/p>\n<p>No entender do banqueiro, &#8220;todos os que assinaram a carta, banqueiros ou n\u00e3o, o fizeram para expressar uma leg\u00edtima preocupa\u00e7\u00e3o com o grav\u00edssimo momento de piora do quadro da pandemia&#8221;. E enfatiza: &#8220;\u00c9 um grito de muitos que estavam at\u00e9 agora em sil\u00eancio&#8221;. <a href=\"https:\/\/blogs.correiobraziliense.com.br\/vicente\/banqueiros-rompem-com-bolsonaro-mas-maioria-dos-empresarios-apoia-presidente\/\">O Pal\u00e1cio do Planalto viu a carta com muita irrita\u00e7\u00e3o<\/a>.<\/p>\n<p>&nbsp;<\/p>\n<p>O objetivo ao tornar o documento p\u00fablico \u2014 mais de 500 pessoas de renome assinam a carta \u2014 \u00e9 mostrar que a sociedade est\u00e1 assustada e exige provid\u00eancias. Se algu\u00e9m hoje precisar de um hospital, seja p\u00fablico, seja privado, n\u00e3o haver\u00e1 atendimento, pois todos os leitos est\u00e3o lotados. O risco de se morrer na fila de espera aumentou muito.<\/p>\n<p>&nbsp;<\/p>\n<p><strong>A\u00e7\u00e3o do governo deve ser r\u00e1pida<\/strong><\/p>\n<p>&nbsp;<\/p>\n<p>Para todos que assinaram a carta p\u00fablica, o governo federal precisa agir rapidamente. Se n\u00e3o houver vacina\u00e7\u00e3o em massa rapidamente, o n\u00famero de mortes pela covid-19 aumentar\u00e1 substancialmente e o Brasil tende a mergulhar numa profunda recess\u00e3o, com mais desemprego e aumento da pobreza.<\/p>\n<p>&nbsp;<\/p>\n<p>\u201cEstamos no limiar de uma fase explosiva da pandemia e \u00e9 fundamental que a partir de agora as pol\u00edticas p\u00fablicas sejam alicer\u00e7adas em dados, informa\u00e7\u00f5es confi\u00e1veis e evid\u00eancia cient\u00edfica. N\u00e3o h\u00e1 mais tempo para perder em debates est\u00e9reis e not\u00edcias falsas. Precisamos nos guiar pelas experi\u00eancias bem-sucedidas, por a\u00e7\u00f5es de baixo custo e alto impacto, por iniciativas que possam reverter de fato a situa\u00e7\u00e3o sem precedentes que o pa\u00eds vive\u201d, assinalam, na carta.<\/p>\n<p>&nbsp;<\/p>\n<p>Sem citar Bolsonaro, ressaltam:\u00a0&#8220;O desdenho \u00e0 ci\u00eancia, o apelo a tratamentos sem evid\u00eancia de efic\u00e1cia, o est\u00edmulo \u00e0 aglomera\u00e7\u00e3o e o flerte com o movimento antivacina, caracterizou a lideran\u00e7a pol\u00edtica maior no pa\u00eds. Essa postura refor\u00e7a normas antissociais, dificulta a ades\u00e3o da popula\u00e7\u00e3o a comportamentos respons\u00e1veis, amplia o n\u00famero de infectados e de \u00f3bitos, aumenta custos que o pa\u00eds incorre&#8221;. Neste domingo (21\/03), o presidente da Rep\u00fablica voltou a atacar medidas restritivas para conter a dissemina\u00e7\u00e3o do novo coronav\u00edrus em festa na porta do Pal\u00e1cio da Alvorada em comemora\u00e7\u00e3o a seu anivers\u00e1rio.<\/p>\n<p>&nbsp;<\/p>\n<p>Nos c\u00e1lculos dos economistas, &#8220;a consequente redu\u00e7\u00e3o da atividade pela demora em adotar pol\u00edticas p\u00fablicas mais adequadas custou uma perda tribut\u00e1ria de R$ 58 bilh\u00f5es s\u00f3 no \u00e2mbito federal, enquanto o atraso da vacina\u00e7\u00e3o ir\u00e1 custar R$ 131,4 bilh\u00f5es aos cofres p\u00fablicos em 2021 em termos de produto ou renda n\u00e3o gerada e supondo uma recupera\u00e7\u00e3o retardat\u00e1ria em dois trimestres&#8221;.<\/p>\n<p>&nbsp;<\/p>\n<p>O manifesto p\u00fablico se encerra de forma contundente: &#8220;O pa\u00eds pode se sair melhor se perseguimos uma agenda respons\u00e1vel. O pa\u00eds tem pressa; o pa\u00eds quer seriedade com a coisa p\u00fablica; o pa\u00eds est\u00e1 cansado de ideias fora do lugar, palavras inconsequentes, a\u00e7\u00f5es erradas ou tardias. O Brasil exige respeito&#8221;.<\/p>\n<p>&nbsp;<\/p>\n<p><em>Bras\u00edlia, 21h23min<\/em><\/p>\n","protected":false},"excerpt":{"rendered":"<p>Todos os passos para se chegar \u00e0 carta p\u00fablica assinada por banqueiros, economistas e empres\u00e1rios pedindo a\u00e7\u00e3o en\u00e9rgica do governo de Jair Bolsonaro para o controle da pandemia do novo coronav\u00edrus foram demarcados com cuidado. Os que assinaram o documento sabem o tamanho da repercuss\u00e3o que ele ganhou e o impacto pol\u00edtico que ter\u00e1. &nbsp; [&hellip;]<\/p>\n","protected":false},"author":22,"featured_media":17516,"comment_status":"open","ping_status":"closed","sticky":false,"template":"","format":"standard","meta":{"footnotes":""},"categories":[600],"tags":[5289,926,5290,589,2787,579],"class_list":["post-17765","post","type-post","status-publish","format-standard","has-post-thumbnail","hentry","category-economia","tag-estamos-no-limite-nao-da-mais-para-ficar-calado","tag-brasilia","tag-diz-banqueiro-sobre-pandemia","tag-economia","tag-politica","tag-saude"],"_links":{"self":[{"href":"https:\/\/blogs.correiobraziliense.com.br\/vicente\/wp-json\/wp\/v2\/posts\/17765","targetHints":{"allow":["GET"]}}],"collection":[{"href":"https:\/\/blogs.correiobraziliense.com.br\/vicente\/wp-json\/wp\/v2\/posts"}],"about":[{"href":"https:\/\/blogs.correiobraziliense.com.br\/vicente\/wp-json\/wp\/v2\/types\/post"}],"author":[{"embeddable":true,"href":"https:\/\/blogs.correiobraziliense.com.br\/vicente\/wp-json\/wp\/v2\/users\/22"}],"replies":[{"embeddable":true,"href":"https:\/\/blogs.correiobraziliense.com.br\/vicente\/wp-json\/wp\/v2\/comments?post=17765"}],"version-history":[{"count":4,"href":"https:\/\/blogs.correiobraziliense.com.br\/vicente\/wp-json\/wp\/v2\/posts\/17765\/revisions"}],"predecessor-version":[{"id":17769,"href":"https:\/\/blogs.correiobraziliense.com.br\/vicente\/wp-json\/wp\/v2\/posts\/17765\/revisions\/17769"}],"wp:featuredmedia":[{"embeddable":true,"href":"https:\/\/blogs.correiobraziliense.com.br\/vicente\/wp-json\/wp\/v2\/media\/17516"}],"wp:attachment":[{"href":"https:\/\/blogs.correiobraziliense.com.br\/vicente\/wp-json\/wp\/v2\/media?parent=17765"}],"wp:term":[{"taxonomy":"category","embeddable":true,"href":"https:\/\/blogs.correiobraziliense.com.br\/vicente\/wp-json\/wp\/v2\/categories?post=17765"},{"taxonomy":"post_tag","embeddable":true,"href":"https:\/\/blogs.correiobraziliense.com.br\/vicente\/wp-json\/wp\/v2\/tags?post=17765"}],"curies":[{"name":"wp","href":"https:\/\/api.w.org\/{rel}","templated":true}]}}