{"id":17762,"date":"2021-03-21T20:01:29","date_gmt":"2021-03-21T23:01:29","guid":{"rendered":"https:\/\/blogs.correiobraziliense.com.br\/vicente\/?p=17762"},"modified":"2021-03-21T20:56:09","modified_gmt":"2021-03-21T23:56:09","slug":"banqueiros-rompem-com-bolsonaro-mas-maioria-dos-empresarios-apoia-presidente","status":"publish","type":"post","link":"https:\/\/blogs.correiobraziliense.com.br\/vicente\/banqueiros-rompem-com-bolsonaro-mas-maioria-dos-empresarios-apoia-presidente\/","title":{"rendered":"Banqueiros rompem com Bolsonaro, mas maioria dos empres\u00e1rios apoia presidente"},"content":{"rendered":"<h2>O Pal\u00e1cio do Planalto v\u00ea com muita irrita\u00e7\u00e3o a carta p\u00fablica assinada, em grande parte, por economistas e representantes do mercado financeiro, pedindo urg\u00eancia no combate \u00e0 pandemia do novo coronav\u00edrus.<\/h2>\n<p>&nbsp;<\/p>\n<p>A interpreta\u00e7\u00e3o \u00e9 de que os banqueiros, representados por Roberto Set\u00fabal e Pedro Moreira Salles, cujas fam\u00edlias est\u00e3o no controle do Ita\u00fa Unibanco, romperam com o presidente Jair Bolsonaro, mas a maioria dos empres\u00e1rios ainda apoia o presidente.<\/p>\n<p>&nbsp;<\/p>\n<p>A carta p\u00fablica vem num momento em que o Brasil bate recordes consecutivos de mortes pela covid-19 \u2014 s\u00e3o mais de 2 mil por dia, em m\u00e9dia. A previs\u00e3o \u00e9 de que, por causa do descaso do governo no enfrentamento da crise sanit\u00e1ria, o pa\u00eds caminha para um nova recess\u00e3o e um colapso social.<\/p>\n<p>&nbsp;<\/p>\n<p>Banqueiros, economistas e alguns empres\u00e1rios, como Hor\u00e1cio Lafer Piva, acionista da Klabin Papel e Celulose, dizem, no documento\u00a0que &#8220;a consequente redu\u00e7\u00e3o da atividade pela demora em adotar pol\u00edticas p\u00fablicas mais adequadas custou uma perda tribut\u00e1ria de R$ 58 bilh\u00f5es s\u00f3 no \u00e2mbito federal, enquanto o atraso da vacina\u00e7\u00e3o ir\u00e1 custar R$ 131,4 bilh\u00f5es aos cofres p\u00fablicos em 2021 em termos de produto ou renda n\u00e3o gerada e supondo uma recupera\u00e7\u00e3o retardat\u00e1ria em dois trimestres&#8221;.<\/p>\n<p>&nbsp;<\/p>\n<p><strong>Guerra na redes sociais<\/strong><\/p>\n<p>&nbsp;<\/p>\n<p>Em grupos de WhatsApp que re\u00fanem empres\u00e1rios, muitos est\u00e3o irritados com as cr\u00edticas a Bolsonaro, at\u00e9 porque s\u00e3o contra as medidas restritivas adotadas por governadores e prefeitos para tentar conter a dissemina\u00e7\u00e3o do novo coronav\u00edrus. Esses defensores de Bolsonaro, inclusive, partem para cima de gestores como Jo\u00e3o Doria (S\u00e3o Paulo) e Eduardo Leite (Rio Grande do Sul).<\/p>\n<p>&nbsp;<\/p>\n<p>Entre os banqueiros, o pensamento \u00e9 de que n\u00e3o h\u00e1 confronto com o governo federal. Pelo contr\u00e1rio. Eles veem a manifesta\u00e7\u00e3o p\u00fablica como um alerta ante a gravidade da situa\u00e7\u00e3o que o Brasil enfrenta e uma forma de di\u00e1logo. N\u00e3o se est\u00e1, segundo eles, havendo rompimento, mas um sinal claro de uni\u00e3o entre os agentes econ\u00f4micos em prol do pa\u00eds.<\/p>\n<p>&nbsp;<\/p>\n<p>No entender daqueles que assinam a carta p\u00fablica, a vacina\u00e7\u00e3o em massa \u00e9 urgente e \u00e9 preciso que o governo se guie pela ci\u00eancia e deixe de lado as fake news. \u201cEstamos no limiar de uma fase explosiva da pandemia e \u00e9 fundamental que a partir de agora as pol\u00edticas p\u00fablicas sejam alicer\u00e7adas em dados, informa\u00e7\u00f5es confi\u00e1veis e evid\u00eancia cient\u00edfica&#8221;, dizem, na carta.<\/p>\n<p>&nbsp;<\/p>\n<p>E v\u00e3o al\u00e9m: &#8220;N\u00e3o h\u00e1 mais tempo para perder em debates est\u00e9reis e not\u00edcias falsas. Precisamos nos guiar pelas experi\u00eancias bem-sucedidas, por a\u00e7\u00f5es de baixo custo e alto impacto, por iniciativas que possam reverter de fato a situa\u00e7\u00e3o sem precedentes que o pa\u00eds vive\u201d.<\/p>\n<p>&nbsp;<\/p>\n<p><em>Bras\u00edlia, 20h01min<\/em><\/p>\n","protected":false},"excerpt":{"rendered":"<p>O Pal\u00e1cio do Planalto v\u00ea com muita irrita\u00e7\u00e3o a carta p\u00fablica assinada, em grande parte, por economistas e representantes do mercado financeiro, pedindo urg\u00eancia no combate \u00e0 pandemia do novo coronav\u00edrus. &nbsp; A interpreta\u00e7\u00e3o \u00e9 de que os banqueiros, representados por Roberto Set\u00fabal e Pedro Moreira Salles, cujas fam\u00edlias est\u00e3o no controle do Ita\u00fa Unibanco, [&hellip;]<\/p>\n","protected":false},"author":22,"featured_media":10126,"comment_status":"open","ping_status":"closed","sticky":false,"template":"","format":"standard","meta":{"footnotes":""},"categories":[600],"tags":[5287,589,4943,5288,4547,2787],"class_list":["post-17762","post","type-post","status-publish","format-standard","has-post-thumbnail","hentry","category-economia","tag-banqueiros-rompem-com-bolsonaro","tag-economia","tag-financas","tag-mas-maioria-dos-empresarios-apoia-presidente","tag-negocios","tag-politica"],"_links":{"self":[{"href":"https:\/\/blogs.correiobraziliense.com.br\/vicente\/wp-json\/wp\/v2\/posts\/17762","targetHints":{"allow":["GET"]}}],"collection":[{"href":"https:\/\/blogs.correiobraziliense.com.br\/vicente\/wp-json\/wp\/v2\/posts"}],"about":[{"href":"https:\/\/blogs.correiobraziliense.com.br\/vicente\/wp-json\/wp\/v2\/types\/post"}],"author":[{"embeddable":true,"href":"https:\/\/blogs.correiobraziliense.com.br\/vicente\/wp-json\/wp\/v2\/users\/22"}],"replies":[{"embeddable":true,"href":"https:\/\/blogs.correiobraziliense.com.br\/vicente\/wp-json\/wp\/v2\/comments?post=17762"}],"version-history":[{"count":2,"href":"https:\/\/blogs.correiobraziliense.com.br\/vicente\/wp-json\/wp\/v2\/posts\/17762\/revisions"}],"predecessor-version":[{"id":17764,"href":"https:\/\/blogs.correiobraziliense.com.br\/vicente\/wp-json\/wp\/v2\/posts\/17762\/revisions\/17764"}],"wp:featuredmedia":[{"embeddable":true,"href":"https:\/\/blogs.correiobraziliense.com.br\/vicente\/wp-json\/wp\/v2\/media\/10126"}],"wp:attachment":[{"href":"https:\/\/blogs.correiobraziliense.com.br\/vicente\/wp-json\/wp\/v2\/media?parent=17762"}],"wp:term":[{"taxonomy":"category","embeddable":true,"href":"https:\/\/blogs.correiobraziliense.com.br\/vicente\/wp-json\/wp\/v2\/categories?post=17762"},{"taxonomy":"post_tag","embeddable":true,"href":"https:\/\/blogs.correiobraziliense.com.br\/vicente\/wp-json\/wp\/v2\/tags?post=17762"}],"curies":[{"name":"wp","href":"https:\/\/api.w.org\/{rel}","templated":true}]}}