{"id":17760,"date":"2021-03-19T14:01:33","date_gmt":"2021-03-19T17:01:33","guid":{"rendered":"https:\/\/blogs.correiobraziliense.com.br\/vicente\/?p=17760"},"modified":"2021-03-19T14:28:44","modified_gmt":"2021-03-19T17:28:44","slug":"depois-do-abuso-postos-reduzem-em-ate-r-070-o-valor-da-gasolina","status":"publish","type":"post","link":"https:\/\/blogs.correiobraziliense.com.br\/vicente\/depois-do-abuso-postos-reduzem-em-ate-r-070-o-valor-da-gasolina\/","title":{"rendered":"Depois do abuso, postos reduzem em at\u00e9 R$ 0,70 o valor da gasolina"},"content":{"rendered":"<h2>Antes mesmo de a <a href=\"https:\/\/blogs.correiobraziliense.com.br\/vicente\/petrobras-enfim-anuncia-reducao-dos-precos-da-gasolina-495\/\">Petrobras anunciar redu\u00e7\u00e3o de 4,95% nos pre\u00e7os da gasolina<\/a> nas refinarias, os postos resolveram corrigir os abusos que vinham cometendo contra os consumidores. Depois de fixarem o valor da gasolina nas bombas em R$ 6,199, agora, cobram at\u00e9 R$ 5,499 \u2014 diminui\u00e7\u00e3o de R$ 0,70 por litro.<\/h2>\n<p>&nbsp;<\/p>\n<p>Segundo gerentes de postos, com a gasolina acima de R$ 6, o consumo desabou, situa\u00e7\u00e3o tamb\u00e9m agravada pelo toque de recolher decretado pelo governo do Distrito Federal entre 22h e 5h da manh\u00e3. &#8220;Melhor reduzir a margem de lucro do que ficar com o estoque encalhado&#8221;, diz um profissional.<\/p>\n<p>&nbsp;<\/p>\n<p>Mas \u00e9 preciso muita pesquisa antes de encher o tanque. Os valores do litro da gasolina nas bombas est\u00e3o variando muito. Se, no Setor de Ind\u00fastria e Abastecimento (SIA), os pre\u00e7os do combust\u00edvel passaram de R$ 6,199 para R$ 5,499 o litro, no Setor de Ind\u00fastrias Gr\u00e1ficas (SIG), variam entre R$ 5,999 e R$ 6,199.<\/p>\n<p>&nbsp;<\/p>\n<p>Em \u00c1guas Claras, no Guar\u00e1 e em Vicente Pires, d\u00e1 para abastecer com a gasolina a R$ 5,599 o litro. Esse valor tamb\u00e9m pode ser encontrado em alguns postos da Asa Sul e da Asa Norte. Basta andar uma quadra a mais para encontrar uma boa diferen\u00e7a dos valores nas bombas.<\/p>\n<p>&nbsp;<\/p>\n<p><strong>Especialistas recomendam aten\u00e7\u00e3o<\/strong><\/p>\n<p>&nbsp;<\/p>\n<p>Para especialistas, os pre\u00e7os da gasolina, que t\u00eam pressionado a infla\u00e7\u00e3o, continuar\u00e3o dando dor de cabe\u00e7a em muita gente. Eles afirmam que \u00e9 preciso ficar muito atento aos rumos da Petrobras, que ter\u00e1 mudan\u00e7as importantes em seu comando, a come\u00e7ar pela substitui\u00e7\u00e3o de Castello Branco pelo general Joaquim Silva e Luna.<\/p>\n<p>&nbsp;<\/p>\n<p>Muitos se perguntam se, com a nova diretoria, a petroleira mudar\u00e1 sua pol\u00edtica de pre\u00e7os. A aposta \u00e9 de que, por determina\u00e7\u00e3o do presidente Jair Bolsonaro, a empresa passe a anunciar mudan\u00e7as nos valores dos combust\u00edveis \u2014 para cima ou para baixo \u2014 em per\u00edodos mais alargados, n\u00e3o a toda semana, como se observa atualmente.<\/p>\n<p>&nbsp;<\/p>\n<p><em>Bras\u00edlia, 14h01min<\/em><\/p>\n","protected":false},"excerpt":{"rendered":"<p>Antes mesmo de a Petrobras anunciar redu\u00e7\u00e3o de 4,95% nos pre\u00e7os da gasolina nas refinarias, os postos resolveram corrigir os abusos que vinham cometendo contra os consumidores. Depois de fixarem o valor da gasolina nas bombas em R$ 6,199, agora, cobram at\u00e9 R$ 5,499 \u2014 diminui\u00e7\u00e3o de R$ 0,70 por litro. &nbsp; Segundo gerentes de [&hellip;]<\/p>\n","protected":false},"author":22,"featured_media":12590,"comment_status":"open","ping_status":"closed","sticky":false,"template":"","format":"standard","meta":{"footnotes":""},"categories":[600],"tags":[5286,5284,589,4943,4547,5285],"class_list":["post-17760","post","type-post","status-publish","format-standard","has-post-thumbnail","hentry","category-economia","tag-70-o-valor-da-gasolina","tag-depois-do-abuso","tag-economia","tag-financas","tag-negocios","tag-postos-reduzem-em-ate-r-0"],"_links":{"self":[{"href":"https:\/\/blogs.correiobraziliense.com.br\/vicente\/wp-json\/wp\/v2\/posts\/17760","targetHints":{"allow":["GET"]}}],"collection":[{"href":"https:\/\/blogs.correiobraziliense.com.br\/vicente\/wp-json\/wp\/v2\/posts"}],"about":[{"href":"https:\/\/blogs.correiobraziliense.com.br\/vicente\/wp-json\/wp\/v2\/types\/post"}],"author":[{"embeddable":true,"href":"https:\/\/blogs.correiobraziliense.com.br\/vicente\/wp-json\/wp\/v2\/users\/22"}],"replies":[{"embeddable":true,"href":"https:\/\/blogs.correiobraziliense.com.br\/vicente\/wp-json\/wp\/v2\/comments?post=17760"}],"version-history":[{"count":1,"href":"https:\/\/blogs.correiobraziliense.com.br\/vicente\/wp-json\/wp\/v2\/posts\/17760\/revisions"}],"predecessor-version":[{"id":17761,"href":"https:\/\/blogs.correiobraziliense.com.br\/vicente\/wp-json\/wp\/v2\/posts\/17760\/revisions\/17761"}],"wp:featuredmedia":[{"embeddable":true,"href":"https:\/\/blogs.correiobraziliense.com.br\/vicente\/wp-json\/wp\/v2\/media\/12590"}],"wp:attachment":[{"href":"https:\/\/blogs.correiobraziliense.com.br\/vicente\/wp-json\/wp\/v2\/media?parent=17760"}],"wp:term":[{"taxonomy":"category","embeddable":true,"href":"https:\/\/blogs.correiobraziliense.com.br\/vicente\/wp-json\/wp\/v2\/categories?post=17760"},{"taxonomy":"post_tag","embeddable":true,"href":"https:\/\/blogs.correiobraziliense.com.br\/vicente\/wp-json\/wp\/v2\/tags?post=17760"}],"curies":[{"name":"wp","href":"https:\/\/api.w.org\/{rel}","templated":true}]}}