{"id":1776,"date":"2016-07-01T19:01:45","date_gmt":"2016-07-01T22:01:45","guid":{"rendered":"https:\/\/blogs.correiobraziliense.com.br\/vicente\/?p=1776"},"modified":"2016-07-08T10:07:28","modified_gmt":"2016-07-08T13:07:28","slug":"carlos-viana-e-tiago-berriel-ja-dao-as-cartas-no-bc","status":"publish","type":"post","link":"https:\/\/blogs.correiobraziliense.com.br\/vicente\/carlos-viana-e-tiago-berriel-ja-dao-as-cartas-no-bc\/","title":{"rendered":"Carlos Viana e Tiago Berriel j\u00e1 d\u00e3o as cartas no BC"},"content":{"rendered":"<p>Mesmo ainda dependendo da aprova\u00e7\u00e3o de seus nomes pelo Senado para ocupar as diretorias de Pol\u00edtica Econ\u00f4mica e de Pol\u00edtica Monet\u00e1ria do Banco Central, os economistas Carlos Viana de Carvalho e Tiago Berriel j\u00e1 est\u00e3o apitando muito no dia a dia da institui\u00e7\u00e3o.<\/p>\n<p>&nbsp;<\/p>\n<p>T\u00e9cnicos do BC garantem que Viana e Berriel foram determinantes na revis\u00e3o das proje\u00e7\u00f5es do \u00cdndice de Pre\u00e7os ao Consumidor Amplo (IPCA) contidas no Relat\u00f3rio Trimestral de Infla\u00e7\u00e3o divulgado na \u00faltima ter\u00e7a-feira, 28. A digital deles est\u00e1 presente, sobretudo, na estimativa de 4,7% para 2017.<\/p>\n<p>&nbsp;<\/p>\n<p>O presidente do BC, Ilan Goldfajn, tem conversado diariamente com os futuros subordinados, para definir a nova cara do BC. Os dois, por sinal, tamb\u00e9m participaram da decis\u00e3o da autoridade monet\u00e1ria de retomar, gradualmente, a oferta de contratos de swap reverso, esp\u00e9cie de compra futura de d\u00f3lar.<\/p>\n<p>&nbsp;<\/p>\n<p>Hoje, o BC colocou no mercado US$ 500 milh\u00f5es em swap reverso e avisou que far\u00e1 oferta na mesma quantidade na segunda-feira que vem, 4 de julho. A institui\u00e7\u00e3o quer evitar uma queda brusca da moeda norte-americana, mas n\u00e3o deseja v\u00ea-la muito al\u00e9m dos R$ 3,30 para ajudar no combate \u00e0 infla\u00e7\u00e3o.<\/p>\n<p>&nbsp;<\/p>\n<p>Dentro do BC, a percep\u00e7\u00e3o \u00e9 de que o ritmo do c\u00e2mbio ser\u00e1 determinante para a queda da taxa b\u00e1sica de juros (Selic) ainda neste ano.<\/p>\n","protected":false},"excerpt":{"rendered":"<p>Mesmo ainda dependendo da aprova\u00e7\u00e3o de seus nomes pelo Senado para ocupar as diretorias de Pol\u00edtica Econ\u00f4mica e de Pol\u00edtica Monet\u00e1ria do Banco Central, os economistas Carlos Viana de Carvalho e Tiago Berriel j\u00e1 est\u00e3o apitando muito no dia a dia da institui\u00e7\u00e3o. &nbsp; T\u00e9cnicos do BC garantem que Viana e Berriel foram determinantes na [&hellip;]<\/p>\n","protected":false},"author":22,"featured_media":0,"comment_status":"open","ping_status":"closed","sticky":false,"template":"","format":"standard","meta":{"footnotes":""},"categories":[600,1],"tags":[3,425,343,107,14,4,520],"class_list":["post-1776","post","type-post","status-publish","format-standard","hentry","category-economia","category-sem-categoria","tag-banco-central","tag-carlos-viana-de-carvalho","tag-dolar","tag-ilan-goldfajn","tag-inflacao","tag-juros","tag-tiago-berriel"],"_links":{"self":[{"href":"https:\/\/blogs.correiobraziliense.com.br\/vicente\/wp-json\/wp\/v2\/posts\/1776","targetHints":{"allow":["GET"]}}],"collection":[{"href":"https:\/\/blogs.correiobraziliense.com.br\/vicente\/wp-json\/wp\/v2\/posts"}],"about":[{"href":"https:\/\/blogs.correiobraziliense.com.br\/vicente\/wp-json\/wp\/v2\/types\/post"}],"author":[{"embeddable":true,"href":"https:\/\/blogs.correiobraziliense.com.br\/vicente\/wp-json\/wp\/v2\/users\/22"}],"replies":[{"embeddable":true,"href":"https:\/\/blogs.correiobraziliense.com.br\/vicente\/wp-json\/wp\/v2\/comments?post=1776"}],"version-history":[{"count":1,"href":"https:\/\/blogs.correiobraziliense.com.br\/vicente\/wp-json\/wp\/v2\/posts\/1776\/revisions"}],"predecessor-version":[{"id":1777,"href":"https:\/\/blogs.correiobraziliense.com.br\/vicente\/wp-json\/wp\/v2\/posts\/1776\/revisions\/1777"}],"wp:attachment":[{"href":"https:\/\/blogs.correiobraziliense.com.br\/vicente\/wp-json\/wp\/v2\/media?parent=1776"}],"wp:term":[{"taxonomy":"category","embeddable":true,"href":"https:\/\/blogs.correiobraziliense.com.br\/vicente\/wp-json\/wp\/v2\/categories?post=1776"},{"taxonomy":"post_tag","embeddable":true,"href":"https:\/\/blogs.correiobraziliense.com.br\/vicente\/wp-json\/wp\/v2\/tags?post=1776"}],"curies":[{"name":"wp","href":"https:\/\/api.w.org\/{rel}","templated":true}]}}