{"id":17758,"date":"2021-03-19T12:51:24","date_gmt":"2021-03-19T15:51:24","guid":{"rendered":"https:\/\/blogs.correiobraziliense.com.br\/vicente\/?p=17758"},"modified":"2021-03-19T14:07:38","modified_gmt":"2021-03-19T17:07:38","slug":"petrobras-enfim-anuncia-reducao-dos-precos-da-gasolina-495","status":"publish","type":"post","link":"https:\/\/blogs.correiobraziliense.com.br\/vicente\/petrobras-enfim-anuncia-reducao-dos-precos-da-gasolina-495\/","title":{"rendered":"Petrobras, enfim, anuncia redu\u00e7\u00e3o dos pre\u00e7os da gasolina: 4,95%"},"content":{"rendered":"<h2>Depois de dar uma sova no bolso dos consumidores, a Petrobras liberou uma boa not\u00edcia nesta sexta-feira (19\/03): vai reduzir os pre\u00e7os do litro da gasolina em 4,95%, na m\u00e9dia, a partir de s\u00e1bado (20\/03). Foi a primeira queda no ano. At\u00e9 ent\u00e3o, a gasolina acumulava seis aumentos, totalizando 54%.<\/h2>\n<p>&nbsp;<\/p>\n<p>No caso do diesel, n\u00e3o houve altera\u00e7\u00e3o. Com isso, continuar\u00e1 a press\u00e3o dos caminhoneiros contra o governo. Esse foi um dos motivos para a demiss\u00e3o de Roberto Castello Branco da presid\u00eancia da Petrobras pelo presidente Jair Bolsonaro. O executivo encerra o mandato nesta sexta-feira.<\/p>\n<p>&nbsp;<\/p>\n<p>Com a redu\u00e7\u00e3o dos pre\u00e7os, nas refinarias, o litro gasolina ficar\u00e1 R$ 0,142 mais barato, a R$ 2,69. Nos postos, entretanto, os valores nas bombas encostam nos R$ 6 no Distrito Federal, causando desconforto entre os motoristas.<\/p>\n<p>&nbsp;<\/p>\n<p>A justificativa da Petrobras para a queda dos pre\u00e7os da gasolina nas refinarias foi a redu\u00e7\u00e3o dos pre\u00e7os do petr\u00f3leo no mercado internacional. Desde 9 de mar\u00e7o, quando houve o \u00faltimo aumento anunciado pela petroleira, a cota\u00e7\u00e3o do barril do tipo Brent recuou cerca de\u00a0\u00a07%.<\/p>\n<p>&nbsp;<\/p>\n<p>A queda nos pre\u00e7os da gasolina s\u00f3 n\u00e3o foi maior porque outro componente dos valores praticados pela Petrobras, o d\u00f3lar, continua nas alturas, devido \u00e0s incertezas econ\u00f4micas que imperam no Brasil.<\/p>\n<p>&nbsp;<\/p>\n<p><em>Bras\u00edlia, 12h51min<\/em><\/p>\n","protected":false},"excerpt":{"rendered":"<p>Depois de dar uma sova no bolso dos consumidores, a Petrobras liberou uma boa not\u00edcia nesta sexta-feira (19\/03): vai reduzir os pre\u00e7os do litro da gasolina em 4,95%, na m\u00e9dia, a partir de s\u00e1bado (20\/03). Foi a primeira queda no ano. At\u00e9 ent\u00e3o, a gasolina acumulava seis aumentos, totalizando 54%. &nbsp; No caso do diesel, [&hellip;]<\/p>\n","protected":false},"author":22,"featured_media":17288,"comment_status":"open","ping_status":"closed","sticky":false,"template":"","format":"standard","meta":{"footnotes":""},"categories":[600],"tags":[5283,5282,589,5281,4943,228,2787],"class_list":["post-17758","post","type-post","status-publish","format-standard","has-post-thumbnail","hentry","category-economia","tag-5283","tag-anuncia-reducao-dos-precos-da-gasolina-4","tag-economia","tag-enfim","tag-financas","tag-petrobras","tag-politica"],"_links":{"self":[{"href":"https:\/\/blogs.correiobraziliense.com.br\/vicente\/wp-json\/wp\/v2\/posts\/17758","targetHints":{"allow":["GET"]}}],"collection":[{"href":"https:\/\/blogs.correiobraziliense.com.br\/vicente\/wp-json\/wp\/v2\/posts"}],"about":[{"href":"https:\/\/blogs.correiobraziliense.com.br\/vicente\/wp-json\/wp\/v2\/types\/post"}],"author":[{"embeddable":true,"href":"https:\/\/blogs.correiobraziliense.com.br\/vicente\/wp-json\/wp\/v2\/users\/22"}],"replies":[{"embeddable":true,"href":"https:\/\/blogs.correiobraziliense.com.br\/vicente\/wp-json\/wp\/v2\/comments?post=17758"}],"version-history":[{"count":1,"href":"https:\/\/blogs.correiobraziliense.com.br\/vicente\/wp-json\/wp\/v2\/posts\/17758\/revisions"}],"predecessor-version":[{"id":17759,"href":"https:\/\/blogs.correiobraziliense.com.br\/vicente\/wp-json\/wp\/v2\/posts\/17758\/revisions\/17759"}],"wp:featuredmedia":[{"embeddable":true,"href":"https:\/\/blogs.correiobraziliense.com.br\/vicente\/wp-json\/wp\/v2\/media\/17288"}],"wp:attachment":[{"href":"https:\/\/blogs.correiobraziliense.com.br\/vicente\/wp-json\/wp\/v2\/media?parent=17758"}],"wp:term":[{"taxonomy":"category","embeddable":true,"href":"https:\/\/blogs.correiobraziliense.com.br\/vicente\/wp-json\/wp\/v2\/categories?post=17758"},{"taxonomy":"post_tag","embeddable":true,"href":"https:\/\/blogs.correiobraziliense.com.br\/vicente\/wp-json\/wp\/v2\/tags?post=17758"}],"curies":[{"name":"wp","href":"https:\/\/api.w.org\/{rel}","templated":true}]}}