{"id":17705,"date":"2021-03-18T16:22:38","date_gmt":"2021-03-18T19:22:38","guid":{"rendered":"https:\/\/blogs.correiobraziliense.com.br\/vicente\/?p=17705"},"modified":"2021-03-18T19:32:39","modified_gmt":"2021-03-18T22:32:39","slug":"senador-major-olimpio-do-psl-morre-de-covid-em-sao-paulo","status":"publish","type":"post","link":"https:\/\/blogs.correiobraziliense.com.br\/vicente\/senador-major-olimpio-do-psl-morre-de-covid-em-sao-paulo\/","title":{"rendered":"Senador Major Ol\u00edmpio, do PSL, morre de covid em S\u00e3o Paulo"},"content":{"rendered":"<p>O senador Major Ol\u00edmpio (PSL-SP), morreu nesta quinta-feira (18\/03) por consequ\u00eancias da covid-19. Ele teve morte cerebral e estava internado desde o in\u00edcio do m\u00eas no Hospital S\u00e3o Camilo, na Zona Oeste da capital paulista. A fam\u00edlia esperar\u00e1 12 horas para decidir sobre a doa\u00e7\u00e3o de \u00f3rg\u00e3os do parlamentar. Ele completaria 59 anos no s\u00e1bado (20\/03).<\/p>\n<p>&nbsp;<\/p>\n<p>\u00c9 o terceiro senador v\u00edtima da doen\u00e7a. O primeiro a morrer foi Arolde de Oliveira (PSD-RJ), em outubro de 2020, depois, foi Jos\u00e9 Maranh\u00e3o (MDB-PB), em fevereiro. O Senado est\u00e1 consternado. E deve aumentar a press\u00e3o sobre o governo para o combate ao novo coronav\u00edrus. Dois senadores est\u00e3o internados:\u00a0Alessandro Vieira (Cidadania-SE) e Lasier Martins (Podemos-RS).<\/p>\n<p>&nbsp;<\/p>\n<p>Ol\u00edmpio estava intubado desde o \u00faltimo dia 6 e um assessor dele, tamb\u00e9m com covid-19, est\u00e1 com boa parte do pulm\u00e3o comprometido. O senador foi eleito na onda da nova pol\u00edtica, em 2018, na esteira do presidente da Rep\u00fablica, Jair Bolsonaro. Os dois, no entanto, se tornaram inimigos pol\u00edticos.<\/p>\n<p>&nbsp;<\/p>\n<p><span style=\"font-weight: 400\">O primeiro suplente do Major Ol\u00edmpio \u00e9 o empres\u00e1rio paulista Alexandre Luiz Giordano e, o segundo, o ministro de Ci\u00eancia, Tecnologia e Inova\u00e7\u00f5es, o astronauta Marcos Pontes.<\/span><\/p>\n<p>&nbsp;<\/p>\n<p>V\u00e1rios parlamentes lamentaram a morte de Ol\u00edmpio. O senador Alessandro Vieira (Cidadania-SE),\u00a0 que deve receber alta hospitalar nesta sexta-feira (19) do Hospital S\u00edrio Liban\u00eas, em S\u00e3o Paulo, foi um deles. &#8220;<span class=\"css-901oao css-16my406 r-poiln3 r-bcqeeo r-qvutc0\">Muito triste, momento muito duro para cada um de n\u00f3s. Ol\u00edmpio morreu lutando na linha de frente, do mesmo jeito guerreiro que sempre viveu. Que Deus console a fam\u00edlia. E que o exemplo de coragem arraste. O Brasil est\u00e1 doente e precisa de cada um de n\u00f3s&#8221;, escreveu Vieira nas redes sociais.<\/span><\/p>\n<p>&nbsp;<\/p>\n<p>O ex-presidente da C\u00e2mara, deputado Rodrigo Maia (DEM-RJ), escreveu se solidarizou com a fam\u00edlia e amigos do parlamentar paulista. &#8220;Infelizmente, o senador \u00e9 mais uma v\u00edtima da Covid-19. O Brasil e o Senado perdem um de seus mais combatentes pol\u00edticos.&#8221;<\/p>\n<p>&nbsp;<\/p>\n<p>O senador petista Jacques Wagner (BA), tamb\u00e9m lamentou, nas redes sociais, a &#8220;morte prematura&#8221; do senador paulista e citou que era um &#8220;l\u00edder combativo, com muita energia. &#8220;<span class=\"css-901oao css-16my406 r-poiln3 r-bcqeeo r-qvutc0\">T\u00ednhamos diverg\u00eancias, mas um grande respeito e boa conviv\u00eancia. Me solidarizo com seus familiares e reafirmo a urg\u00eancia de termos vacinas para todos os brasileiros e brasileiras&#8221;, acrescentou.<\/span><\/p>\n<p>&nbsp;<\/p>\n<p><strong>Luto de 24 horas<\/strong><\/p>\n<p>&nbsp;<\/p>\n<p>A solenidade do Congresso Nacional com o presidente Jair Bolsonaro para a entrega da Medida Provis\u00f3ria do aux\u00edlio emergencial foi cancelada.<\/p>\n<p>&nbsp;<\/p>\n<p>Em nota, o presidente do Congresso, senador Rodrigo Pacheco (DEM-MG), lamentou a morte de Ol\u00edmpio e decretou luto oficial de 24 horas.\u00a0 O democrata divulgou duas notas. A segunda, lamentando a perda do amigo.<\/p>\n<p>&nbsp;<\/p>\n<p><strong>Veja a \u00edntegra da\u00a0 primeira nota de Pacheco:<\/strong><\/p>\n<p>&nbsp;<\/p>\n<p><em>A Presid\u00eancia do Congresso Nacional lamenta profundamente o falecimento do senador paulista Major Ol\u00edmpio, aos 59 anos, v\u00edtima de complica\u00e7\u00f5es causadas pela infec\u00e7\u00e3o por Covid-19. Em respeito \u00e0 sua mem\u00f3ria, o Senado Federal decreta luto oficial de 24 horas.<\/em><\/p>\n<p>&nbsp;<\/p>\n<p><em>Policial Militar do Estado de S\u00e3o Paulo de carreira, S\u00e9rgio Ol\u00edmpio Gomes dedicou-se \u00e0 corpora\u00e7\u00e3o por 29 anos. Na carreira pol\u00edtica exerceu dois mandatos na Assembleia Legislativa de S\u00e3o Paulo (2007-2015) e um mandato de deputado federal (2015-2019). Foi eleito senador da Rep\u00fablica em 2019.<\/em><\/p>\n<p>&nbsp;<\/p>\n<p><em>Major Ol\u00edmpio foi o terceiro senador que perdeu a vida para o novo coronav\u00edrus. O senador paraibano Jos\u00e9 Maranh\u00e3o faleceu em fevereiro, e Arolde de Oliveira, senador pelo Rio de Janeiro, morreu em outubro do ano passado.<\/em><\/p>\n<p>&nbsp;<\/p>\n<p><em>As sinceras condol\u00eancias do Parlamento Brasileiro \u00e0 fam\u00edlia, amigos e a todos os paulistas.<\/em><\/p>\n<p>&nbsp;<\/p>\n<p><em>Rodrigo Pacheco<\/em><br \/>\n<em>Presidente Congresso Nacional<\/em><\/p>\n<p>&nbsp;<\/p>\n<p><strong>Veja \u00edntegra da segunda nota de Pacheco<\/strong><\/p>\n<p>&nbsp;<\/p>\n<p><em>Lamento a not\u00edcia devastadora sobre o falecimento, nesta tarde (18\/03), do senador Major Ol\u00edmpio, mais uma v\u00edtima da Covid-19. Conheci Ol\u00edmpio na C\u00e2mara dos Deputados, quando exercemos mandatos de deputados federais na legislatura passada. Entramos juntos no Senado Federal em 2019, ele de S\u00e3o Paulo e eu de Minas. Brinc\u00e1vamos nos corredores da Casa sobre a pol\u00edtica do caf\u00e9-com-leite, momento da hist\u00f3ria do nosso pa\u00eds vivido em nossos estados. Pens\u00e1vamos diferente em diversas situa\u00e7\u00f5es, mas gost\u00e1vamos e respeit\u00e1vamos um ao outro.<\/em><\/p>\n<p>&nbsp;<\/p>\n<p><em>No dia de hoje perdemos todos. Perdemos um companheiro de trabalho, perdemos um trabalhador, perdemos um amigo. Perdemos mais um brasileiro.<\/em><\/p>\n<p>&nbsp;<\/p>\n<p><em>Rodrigo Pacheco<\/em><br \/>\n<em>Presidente Congresso Nacional<\/em><\/p>\n<p>&nbsp;<\/p>\n<p>&nbsp;<\/p>\n","protected":false},"excerpt":{"rendered":"<p>O senador Major Ol\u00edmpio (PSL-SP), morreu nesta quinta-feira (18\/03) por consequ\u00eancias da covid-19. Ele teve morte cerebral e estava internado desde o in\u00edcio do m\u00eas no Hospital S\u00e3o Camilo, na Zona Oeste da capital paulista. A fam\u00edlia esperar\u00e1 12 horas para decidir sobre a doa\u00e7\u00e3o de \u00f3rg\u00e3os do parlamentar. Ele completaria 59 anos no s\u00e1bado [&hellip;]<\/p>\n","protected":false},"author":22,"featured_media":11338,"comment_status":"open","ping_status":"closed","sticky":false,"template":"","format":"standard","meta":{"footnotes":""},"categories":[600],"tags":[926,5279,5280,2787,579,5278],"class_list":["post-17705","post","type-post","status-publish","format-standard","has-post-thumbnail","hentry","category-economia","tag-brasilia","tag-do-psl","tag-morre-de-covid-em-sao-paulo","tag-politica","tag-saude","tag-senador-major-olimpio"],"_links":{"self":[{"href":"https:\/\/blogs.correiobraziliense.com.br\/vicente\/wp-json\/wp\/v2\/posts\/17705","targetHints":{"allow":["GET"]}}],"collection":[{"href":"https:\/\/blogs.correiobraziliense.com.br\/vicente\/wp-json\/wp\/v2\/posts"}],"about":[{"href":"https:\/\/blogs.correiobraziliense.com.br\/vicente\/wp-json\/wp\/v2\/types\/post"}],"author":[{"embeddable":true,"href":"https:\/\/blogs.correiobraziliense.com.br\/vicente\/wp-json\/wp\/v2\/users\/22"}],"replies":[{"embeddable":true,"href":"https:\/\/blogs.correiobraziliense.com.br\/vicente\/wp-json\/wp\/v2\/comments?post=17705"}],"version-history":[{"count":22,"href":"https:\/\/blogs.correiobraziliense.com.br\/vicente\/wp-json\/wp\/v2\/posts\/17705\/revisions"}],"predecessor-version":[{"id":17757,"href":"https:\/\/blogs.correiobraziliense.com.br\/vicente\/wp-json\/wp\/v2\/posts\/17705\/revisions\/17757"}],"wp:featuredmedia":[{"embeddable":true,"href":"https:\/\/blogs.correiobraziliense.com.br\/vicente\/wp-json\/wp\/v2\/media\/11338"}],"wp:attachment":[{"href":"https:\/\/blogs.correiobraziliense.com.br\/vicente\/wp-json\/wp\/v2\/media?parent=17705"}],"wp:term":[{"taxonomy":"category","embeddable":true,"href":"https:\/\/blogs.correiobraziliense.com.br\/vicente\/wp-json\/wp\/v2\/categories?post=17705"},{"taxonomy":"post_tag","embeddable":true,"href":"https:\/\/blogs.correiobraziliense.com.br\/vicente\/wp-json\/wp\/v2\/tags?post=17705"}],"curies":[{"name":"wp","href":"https:\/\/api.w.org\/{rel}","templated":true}]}}