{"id":17684,"date":"2021-03-18T11:19:24","date_gmt":"2021-03-18T14:19:24","guid":{"rendered":"https:\/\/blogs.correiobraziliense.com.br\/vicente\/?p=17684"},"modified":"2021-03-18T12:04:28","modified_gmt":"2021-03-18T15:04:28","slug":"novo-auxilio-tera-impacto-de-2-no-consumo-diz-ex-diretor-do-bc","status":"publish","type":"post","link":"https:\/\/blogs.correiobraziliense.com.br\/vicente\/novo-auxilio-tera-impacto-de-2-no-consumo-diz-ex-diretor-do-bc\/","title":{"rendered":"Novo aux\u00edlio ter\u00e1 impacto de 2% no consumo, diz ex-diretor do BC"},"content":{"rendered":"<p>ROSANA HESSEL<\/p>\n<p>&nbsp;<\/p>\n<p><span style=\"font-weight: 400\">O novo aux\u00edlio emergencial, que deve ter valor m\u00e9dio de R$ 250 e est\u00e1 sendo aguardado pelos mais vulner\u00e1veis e trabalhadores informais, dever\u00e1 ajudar muito pouco o processo de retomada da economia, na avalia\u00e7\u00e3o de Carlos Thadeu de Freitas Gomes, ex-diretor do BC e economista-chefe da Confedera\u00e7\u00e3o Nacional do Com\u00e9rcio (CNC).<\/span><\/p>\n<p>&nbsp;<\/p>\n<p>&#8220;Vai ajudar muito pouco na retomada do consumo.\u00a0<span style=\"font-weight: 400\">Os R$ 44 bilh\u00f5es de gastos previstos com o programa representam apenas 2% do varejo total\u201d, comentou o economista ao <strong>Blog<\/strong>. Ele considerou precipitada a decis\u00e3o do Comit\u00ea de Pol\u00edtica Monet\u00e1ria (Copom) elevar a taxa b\u00e1sica da economia (Selic) ontem. A medida surpreendeu o mercado e foi na contram\u00e3o do Federal Reserve (Fed, o banco central dos Estados Unidos), dividindo opini\u00f5es.\u00a0\u00a0<\/span><\/p>\n<p>&nbsp;<\/p>\n<p><a href=\"https:\/\/www.correiobraziliense.com.br\/economia\/2021\/03\/4912534-depois-de-seis-anos-e-na-contramao-mundial-bc-volta-a-subir-juros.html\">Ao aumentar a Selic de 2% para 2,75% ao ano, acima do esperado pelo mercado, <\/a>o Banco Central agradou os agentes financeiros e desagradou o setor produtivo.\u00a0Como os juros estavam no menor patamar da hist\u00f3ria, aplica\u00e7\u00f5es em t\u00edtulos p\u00fablicos e at\u00e9 a poupan\u00e7a n\u00e3o param de perder para infla\u00e7\u00e3o. Logo, havia uma press\u00e3o do mercado financeiro sobre a autoridade monet\u00e1ria por medidas mais contundentes no combate \u00e0 infla\u00e7\u00e3o que est\u00e1 cada vez mais forte neste in\u00edcio de ano e, consequentemente, melhorar a rentabilidade dos principais credores da d\u00edvida p\u00fablica interna: o mercado financeiro.<\/p>\n<p>&nbsp;<\/p>\n<p>Logo, a rea\u00e7\u00e3o \u00e0 alta mais forte na Selic foi positiva e a Bolsa abriu esta quinta-feira (18\/03) em alta e o d\u00f3lar est\u00e1 em queda. Contudo, vale lembrar que essa antecipa\u00e7\u00e3o em ritmo mais forte do novo ciclo de da alta dos juros b\u00e1sicos, contudo, pode ter um efeito ruim tanto na recupera\u00e7\u00e3o da atividade econ\u00f4mica quanto no endividamento do p\u00fablico, o que n\u00e3o dever\u00e1 agradar o governo e, muito menos, a popula\u00e7\u00e3o que for buscar cr\u00e9dito ou emprego.<\/p>\n<p>&nbsp;<\/p>\n<p>N\u00e3o \u00e0 toa, apesar de o Congresso Nacional ter aprovado, recentemente, a autonomia do Banco Central, a decis\u00e3o do Copom de ontem, certamente, vai gerar d\u00favidas em rela\u00e7\u00e3o a essa independ\u00eancia de fato.\u00a0\u00a0\u201cO problema \u00e9 a credibilidade. A autoridade monet\u00e1ria precisa mostrar que \u00e9 aut\u00f4noma em rela\u00e7\u00e3o ao governo e tamb\u00e9m em rela\u00e7\u00e3o ao mercado\u201d, aconselhou o ex-diretor do BC.<\/p>\n<p>&nbsp;<\/p>\n<p><strong>Momento ruim<\/strong><\/p>\n<p>&nbsp;<\/p>\n<p><span style=\"font-weight: 400\">De acordo com Freitas Gomes,\u00a0 o Copom n\u00e3o deveria come\u00e7ar a elevar a Selic neste momento em que a crise provocada pela covid-19 no pa\u00eds est\u00e1 recrudescendo. O pa\u00eds n\u00e3o para de bater recordes de mortes e j\u00e1 est\u00e1 no epicentro global da pandemia. Ele avaliou que se<\/span><span style=\"font-weight: 400\">ria melhor o BC esperar, pelo menos, o in\u00edcio do pagamento da nova rodada do aux\u00edlio emergencial, que inda n\u00e3o teve a Medida Provis\u00f3ria (MP) para a cria\u00e7\u00e3o do benef\u00edcio publicada pelo governo, apesar das promessas de que isso ocorreria &#8220;imediatamente&#8221; ap\u00f3s a promulga\u00e7\u00e3o da Proposta de Emenda (PEC) 186\/19, a PEC Emergencial. A MP, finalmente, foi assinada pelo presidente Jair Bolsonaro, mas ainda n\u00e3o foi entregue ao Congresso. O pagamento do benef\u00edcio dever\u00e1 come\u00e7ar em abril.<\/span><\/p>\n<p>&nbsp;<\/p>\n<p><span style=\"font-weight: 400\">\u201cO\u00a0 Copom precificou o fim da pandemia, com certeza de que tudo vai voltar ao normal. Mas o setor de servi\u00e7os (o que mais emprega e o \u00faltimo que dever\u00e1 se recuperar da recess\u00e3o do ano passado) vai levar mais tempo para se recuperar\u201d, lamentou o economista. <\/span><\/p>\n<p>&nbsp;<\/p>\n<p><span style=\"font-weight: 400\">Para ele,\u00a0<\/span>o mais importante no momento \u00e9 a transpar\u00eancia na comunica\u00e7\u00e3o. Tanto o Copom e quanto o governo\u00a0<span style=\"font-weight: 400\">precisam dar mais sinais claros de que est\u00e3o comprometidos em reduzir o endividamento p\u00fablico, para melhorar o quadro fiscal, que \u00e9 o que preocupa os investidores.\u00a0\u00a0<\/span><span style=\"font-weight: 400\">A desconfian\u00e7a nessa quest\u00e3o vem ajudando a valorizar o d\u00f3lar frente ao real e seu impacto acaba ocorrendo na infla\u00e7\u00e3o, que est\u00e1 em escalada e foi o principal motivo para que o Comit\u00ea elevasse a Selic, de acordo com analistas. <\/span><\/p>\n<p>&nbsp;<\/p>\n<p><span style=\"font-weight: 400\">Mas, diante do risco de colapso em v\u00e1rios estados,\u00a0<\/span><span style=\"font-weight: 400\">o governo precisa ser mais expansionista neste momento em que a pandemia faz estrago na sa\u00fade da popula\u00e7\u00e3o e tem reflexos diretos na economia, no entender de Freitas Gomes.\u00a0<\/span><span style=\"font-weight: 400\">&#8220;O governo vai ter que gastar mais, porque o impacto do aux\u00edlio emergencial ser\u00e1 pequeno. Ser\u00e1 preciso injetar na economia um aux\u00edlio como foi no ano passado e ainda adotar as mesmas medidas para as empresas como o BEm (Benef\u00edcio Emergencial de Manuten\u00e7\u00e3o do Emprego e da Renda) o Programa Nacional de Apoio \u00e0s Microempresas e Empresas de Pequeno Porte (Pronampe). Depois ele aciona os gatilhos para cortar despesa\u201d, destacou.\u00a0<\/span><\/p>\n<p>&nbsp;<\/p>\n<p>E, nesse sentido, o ex-diretor do BC acha importante tamb\u00e9m impor um limite para a d\u00edvida p\u00fablica.\u00a0<span style=\"font-weight: 400\">&#8220;\u00c9\u00a0<\/span><span style=\"font-weight: 400\">preciso ter regras para o\u00a0<\/span><span style=\"font-weight: 400\">crescimento do endividamento, mas falta vontade pol\u00edtica para um aperto nessa dire\u00e7\u00e3o\u201d, afirmou.\u00a0<\/span><\/p>\n<p>&nbsp;<\/p>\n<p>Atualmente, a d\u00edvida p\u00fablica bruta do Brasil gira em torno de 90% do Produto Interno Bruto (PIB), quase o dobro da m\u00e9dia dos pa\u00edses emergentes, em torno de 50%.<\/p>\n<p>&nbsp;<\/p>\n<p>Um levantamento , ontem, feito pelo economista Andr\u00e9 Perfeito, da Necton Investimentos, mostrava que uma alta de 0,50 ponto percentual na Selic gera um custo de R$ 16,7 bilh\u00f5es na conta de juros da d\u00edvida p\u00fablica. Logo, a eleva\u00e7\u00e3o de 0,75 ponto percentual de eleva\u00e7\u00e3o na Selic, de ontem, mais a de 0,75 ponto percentual contratada para a pr\u00f3xima reuni\u00e3o de maio, devem triplicar essa fatura, chegando a R$ 50 bilh\u00f5es, ou seja, mais do que a previs\u00e3o do aux\u00edlio emergencial.<\/p>\n<p>&nbsp;<\/p>\n<p>&nbsp;<\/p>\n<p>&nbsp;<\/p>\n","protected":false},"excerpt":{"rendered":"<p>ROSANA HESSEL &nbsp; O novo aux\u00edlio emergencial, que deve ter valor m\u00e9dio de R$ 250 e est\u00e1 sendo aguardado pelos mais vulner\u00e1veis e trabalhadores informais, dever\u00e1 ajudar muito pouco o processo de retomada da economia, na avalia\u00e7\u00e3o de Carlos Thadeu de Freitas Gomes, ex-diretor do BC e economista-chefe da Confedera\u00e7\u00e3o Nacional do Com\u00e9rcio (CNC). &nbsp; [&hellip;]<\/p>\n","protected":false},"author":22,"featured_media":0,"comment_status":"open","ping_status":"closed","sticky":false,"template":"","format":"standard","meta":{"footnotes":""},"categories":[600],"tags":[4573,3,96,28,99,589,34],"class_list":["post-17684","post","type-post","status-publish","format-standard","hentry","category-economia","tag-auxilio-emergencial","tag-banco-central","tag-carlos-thadeu-de-freitas-gomes","tag-cnc","tag-copom","tag-economia","tag-selic"],"_links":{"self":[{"href":"https:\/\/blogs.correiobraziliense.com.br\/vicente\/wp-json\/wp\/v2\/posts\/17684","targetHints":{"allow":["GET"]}}],"collection":[{"href":"https:\/\/blogs.correiobraziliense.com.br\/vicente\/wp-json\/wp\/v2\/posts"}],"about":[{"href":"https:\/\/blogs.correiobraziliense.com.br\/vicente\/wp-json\/wp\/v2\/types\/post"}],"author":[{"embeddable":true,"href":"https:\/\/blogs.correiobraziliense.com.br\/vicente\/wp-json\/wp\/v2\/users\/22"}],"replies":[{"embeddable":true,"href":"https:\/\/blogs.correiobraziliense.com.br\/vicente\/wp-json\/wp\/v2\/comments?post=17684"}],"version-history":[{"count":15,"href":"https:\/\/blogs.correiobraziliense.com.br\/vicente\/wp-json\/wp\/v2\/posts\/17684\/revisions"}],"predecessor-version":[{"id":17702,"href":"https:\/\/blogs.correiobraziliense.com.br\/vicente\/wp-json\/wp\/v2\/posts\/17684\/revisions\/17702"}],"wp:attachment":[{"href":"https:\/\/blogs.correiobraziliense.com.br\/vicente\/wp-json\/wp\/v2\/media?parent=17684"}],"wp:term":[{"taxonomy":"category","embeddable":true,"href":"https:\/\/blogs.correiobraziliense.com.br\/vicente\/wp-json\/wp\/v2\/categories?post=17684"},{"taxonomy":"post_tag","embeddable":true,"href":"https:\/\/blogs.correiobraziliense.com.br\/vicente\/wp-json\/wp\/v2\/tags?post=17684"}],"curies":[{"name":"wp","href":"https:\/\/api.w.org\/{rel}","templated":true}]}}