{"id":17658,"date":"2021-03-17T18:15:23","date_gmt":"2021-03-17T21:15:23","guid":{"rendered":"https:\/\/blogs.correiobraziliense.com.br\/vicente\/?p=17658"},"modified":"2021-03-17T19:29:23","modified_gmt":"2021-03-17T22:29:23","slug":"nao-ha-lugar-para-pazuello-no-exercito-hoje-dizem-integrantes-da-forca","status":"publish","type":"post","link":"https:\/\/blogs.correiobraziliense.com.br\/vicente\/nao-ha-lugar-para-pazuello-no-exercito-hoje-dizem-integrantes-da-forca\/","title":{"rendered":"&#8220;N\u00e3o h\u00e1 lugar para Pazuello no Ex\u00e9rcito hoje&#8221;, dizem integrantes da For\u00e7a"},"content":{"rendered":"<h2>A demiss\u00e3o do general Eduardo Pazuello do Minist\u00e9rio da Sa\u00fade pelo presidente Jair Bolsonaro est\u00e1 causando constrangimento no alto escal\u00e3o do Ex\u00e9rcito. A vis\u00e3o predominante entre os generais \u00e9 de que n\u00e3o h\u00e1 espa\u00e7o para o retorno dele \u00e0 For\u00e7a. A torcida \u00e9 para que ele v\u00e1 direto para a reserva.<\/h2>\n<p>&nbsp;<\/p>\n<p>Generais dizem que a estrutura do Ex\u00e9rcito est\u00e1 toda montada. Portanto, seria um transtorno ter de acomodar Pazuello na For\u00e7a.\u00a0&#8220;Como ningu\u00e9m quer abrir m\u00e3o do cargo que ocupa atualmente, o melhor \u00e9 que Pazuello v\u00e1 para a reserva&#8221;, diz um militar. &#8220;Mas ele tem o direito de voltar, se quiser&#8221;, acrescenta.<\/p>\n<p>&nbsp;<\/p>\n<p>Outro ponto que pesa contra a volta do quase ex-ministro ao Ex\u00e9rcito \u00e9 a quest\u00e3o pol\u00edtica. <strong>Pazuello na For\u00e7a<\/strong> <strong>significa trazer para dentro do quartel todo o desastre que foi a gest\u00e3o dele no Minist\u00e9rio da Sa\u00fade<\/strong>.<\/p>\n<p>&nbsp;<\/p>\n<p><strong>Prazo obrigat\u00f3rio para a reserva<\/strong><\/p>\n<p>&nbsp;<\/p>\n<p>Segundo informa\u00e7\u00f5es de dentro do Ex\u00e9rcito, Pazuello, automaticamente, ter\u00e1 de passar para a reserva no pr\u00f3ximo ano. \u00c9 que completar\u00e1 o tempo dele como general intendente. Ele \u00e9 general tr\u00eas estrelas, n\u00e3o tem mais como ser promovido. Pelas regras, ele pode ficar, no m\u00e1ximo, quatro anos como general tr\u00eas estrelas ou oito, como oficial general.<\/p>\n<p>&nbsp;<\/p>\n<p>&#8220;<strong>O quadro ideal \u00e9 que Pazuello entre logo para a reserva<\/strong>, sobretudo se quiser continuar no governo&#8221;, acrescenta outro militar. Ele acrescenta que a exonera\u00e7\u00e3o de Pazuello do Minist\u00e9rio da Sa\u00fade deve ocorrer em um ou dois dias, no m\u00e1ximo.<\/p>\n<p>&nbsp;<\/p>\n<p>A meta de Bolsonaro \u00e9 manter Pazuello no governo. Um dos postos cogitados \u00e9 a Secretaria de Assuntos Estrat\u00e9gicos (SAE), vinculada \u00e0 Presid\u00eancia da Rep\u00fablica, que \u00e9 um cargo de natureza limitar. Bolsonaro quer arrumar um jeito de manter o foro privilegiado do quase ex-ministro, que responde a v\u00e1rios processos na Justi\u00e7a.<\/p>\n<p>&nbsp;<\/p>\n<p>&#8220;Dentro do Ex\u00e9rcito, pouco importa se Pazuello ficar\u00e1 no governo, ou n\u00e3o. O que os generais querem \u00e9 que ele v\u00e1 rapidamente para a reserva, para descolar a imagem dele da For\u00e7a&#8221;, enfatiza um terceiro militar ouvido pelo <strong>Blog<\/strong>. &#8220;Queremos que ele deixe de ser problema. Ser\u00e1 um al\u00edvio v\u00ea-lo fora do Minist\u00e9rio da Sa\u00fade.<\/p>\n<p>&nbsp;<\/p>\n<p><em>Bras\u00edlia, 18h15min<\/em><\/p>\n","protected":false},"excerpt":{"rendered":"<p>A demiss\u00e3o do general Eduardo Pazuello do Minist\u00e9rio da Sa\u00fade pelo presidente Jair Bolsonaro est\u00e1 causando constrangimento no alto escal\u00e3o do Ex\u00e9rcito. A vis\u00e3o predominante entre os generais \u00e9 de que n\u00e3o h\u00e1 espa\u00e7o para o retorno dele \u00e0 For\u00e7a. A torcida \u00e9 para que ele v\u00e1 direto para a reserva. &nbsp; Generais dizem que [&hellip;]<\/p>\n","protected":false},"author":22,"featured_media":17661,"comment_status":"open","ping_status":"closed","sticky":false,"template":"","format":"standard","meta":{"footnotes":""},"categories":[600],"tags":[5274,5275,1592,2526,2787],"class_list":["post-17658","post","type-post","status-publish","format-standard","has-post-thumbnail","hentry","category-economia","tag-nao-ha-lugar-para-pazuello-no-exercito-hoje","tag-dizem-integrantes-da-forca","tag-forcas-armadas","tag-poder","tag-politica"],"_links":{"self":[{"href":"https:\/\/blogs.correiobraziliense.com.br\/vicente\/wp-json\/wp\/v2\/posts\/17658","targetHints":{"allow":["GET"]}}],"collection":[{"href":"https:\/\/blogs.correiobraziliense.com.br\/vicente\/wp-json\/wp\/v2\/posts"}],"about":[{"href":"https:\/\/blogs.correiobraziliense.com.br\/vicente\/wp-json\/wp\/v2\/types\/post"}],"author":[{"embeddable":true,"href":"https:\/\/blogs.correiobraziliense.com.br\/vicente\/wp-json\/wp\/v2\/users\/22"}],"replies":[{"embeddable":true,"href":"https:\/\/blogs.correiobraziliense.com.br\/vicente\/wp-json\/wp\/v2\/comments?post=17658"}],"version-history":[{"count":5,"href":"https:\/\/blogs.correiobraziliense.com.br\/vicente\/wp-json\/wp\/v2\/posts\/17658\/revisions"}],"predecessor-version":[{"id":17673,"href":"https:\/\/blogs.correiobraziliense.com.br\/vicente\/wp-json\/wp\/v2\/posts\/17658\/revisions\/17673"}],"wp:featuredmedia":[{"embeddable":true,"href":"https:\/\/blogs.correiobraziliense.com.br\/vicente\/wp-json\/wp\/v2\/media\/17661"}],"wp:attachment":[{"href":"https:\/\/blogs.correiobraziliense.com.br\/vicente\/wp-json\/wp\/v2\/media?parent=17658"}],"wp:term":[{"taxonomy":"category","embeddable":true,"href":"https:\/\/blogs.correiobraziliense.com.br\/vicente\/wp-json\/wp\/v2\/categories?post=17658"},{"taxonomy":"post_tag","embeddable":true,"href":"https:\/\/blogs.correiobraziliense.com.br\/vicente\/wp-json\/wp\/v2\/tags?post=17658"}],"curies":[{"name":"wp","href":"https:\/\/api.w.org\/{rel}","templated":true}]}}