{"id":17654,"date":"2021-03-17T17:11:58","date_gmt":"2021-03-17T20:11:58","guid":{"rendered":"https:\/\/blogs.correiobraziliense.com.br\/vicente\/?p=17654"},"modified":"2021-03-17T18:10:56","modified_gmt":"2021-03-17T21:10:56","slug":"ministerio-publico-do-df-ferve-com-separacao-de-promotor-ex-dele-levou-ate-as-arvores-da-casa","status":"publish","type":"post","link":"https:\/\/blogs.correiobraziliense.com.br\/vicente\/ministerio-publico-do-df-ferve-com-separacao-de-promotor-ex-dele-levou-ate-as-arvores-da-casa\/","title":{"rendered":"Minist\u00e9rio P\u00fablico do DF ferve com separa\u00e7\u00e3o de promotor: ex-dele levou at\u00e9 as \u00e1rvores da casa"},"content":{"rendered":"<h2>O Minist\u00e9rio P\u00fablico do Distrito Federal est\u00e1 em polvorosa. Um promotor de Justi\u00e7a do \u00f3rg\u00e3o acabou o casamento de anos. At\u00e9 a\u00ed, beleza.<\/h2>\n<p>&nbsp;<\/p>\n<p>O que est\u00e1 provocando furor foi o fato de a ex-dele, depois da separa\u00e7\u00e3o, ter levado embora at\u00e9 as \u00e1rvores da casa em que moravam.<\/p>\n<p>&nbsp;<\/p>\n<p>Isso mesmo: a ex levou as \u00e1rvores com raiz e tudo, o que provocou perplexidade entre os vizinhos de um condom\u00ednio de luxo de Bras\u00edlia.<\/p>\n<p>&nbsp;<\/p>\n<p>Quem conhece o promotor e a ex dizem que nunca esperaria por um rompimento t\u00e3o tumultuado.<\/p>\n<p>&nbsp;<\/p>\n<p><em>Bras\u00edlia, 17h17min<\/em><\/p>\n","protected":false},"excerpt":{"rendered":"<p>O Minist\u00e9rio P\u00fablico do Distrito Federal est\u00e1 em polvorosa. Um promotor de Justi\u00e7a do \u00f3rg\u00e3o acabou o casamento de anos. At\u00e9 a\u00ed, beleza. &nbsp; O que est\u00e1 provocando furor foi o fato de a ex-dele, depois da separa\u00e7\u00e3o, ter levado embora at\u00e9 as \u00e1rvores da casa em que moravam. &nbsp; Isso mesmo: a ex levou [&hellip;]<\/p>\n","protected":false},"author":22,"featured_media":11104,"comment_status":"open","ping_status":"closed","sticky":false,"template":"","format":"standard","meta":{"footnotes":""},"categories":[600],"tags":[926,439,5273,2787],"class_list":["post-17654","post","type-post","status-publish","format-standard","has-post-thumbnail","hentry","category-economia","tag-brasilia","tag-judiciario","tag-ministerio-publico-do-df-ferve-com-separacao-de-promotor-ex-dele-levou-ate-as-arvores-da-casa","tag-politica"],"_links":{"self":[{"href":"https:\/\/blogs.correiobraziliense.com.br\/vicente\/wp-json\/wp\/v2\/posts\/17654","targetHints":{"allow":["GET"]}}],"collection":[{"href":"https:\/\/blogs.correiobraziliense.com.br\/vicente\/wp-json\/wp\/v2\/posts"}],"about":[{"href":"https:\/\/blogs.correiobraziliense.com.br\/vicente\/wp-json\/wp\/v2\/types\/post"}],"author":[{"embeddable":true,"href":"https:\/\/blogs.correiobraziliense.com.br\/vicente\/wp-json\/wp\/v2\/users\/22"}],"replies":[{"embeddable":true,"href":"https:\/\/blogs.correiobraziliense.com.br\/vicente\/wp-json\/wp\/v2\/comments?post=17654"}],"version-history":[{"count":1,"href":"https:\/\/blogs.correiobraziliense.com.br\/vicente\/wp-json\/wp\/v2\/posts\/17654\/revisions"}],"predecessor-version":[{"id":17657,"href":"https:\/\/blogs.correiobraziliense.com.br\/vicente\/wp-json\/wp\/v2\/posts\/17654\/revisions\/17657"}],"wp:featuredmedia":[{"embeddable":true,"href":"https:\/\/blogs.correiobraziliense.com.br\/vicente\/wp-json\/wp\/v2\/media\/11104"}],"wp:attachment":[{"href":"https:\/\/blogs.correiobraziliense.com.br\/vicente\/wp-json\/wp\/v2\/media?parent=17654"}],"wp:term":[{"taxonomy":"category","embeddable":true,"href":"https:\/\/blogs.correiobraziliense.com.br\/vicente\/wp-json\/wp\/v2\/categories?post=17654"},{"taxonomy":"post_tag","embeddable":true,"href":"https:\/\/blogs.correiobraziliense.com.br\/vicente\/wp-json\/wp\/v2\/tags?post=17654"}],"curies":[{"name":"wp","href":"https:\/\/api.w.org\/{rel}","templated":true}]}}