{"id":17612,"date":"2021-03-16T17:52:12","date_gmt":"2021-03-16T20:52:12","guid":{"rendered":"https:\/\/blogs.correiobraziliense.com.br\/vicente\/?p=17612"},"modified":"2021-03-16T22:24:33","modified_gmt":"2021-03-17T01:24:33","slug":"novo-ministro-da-saude-defende-ciencia-e-uso-de-mascara-contra-covid","status":"publish","type":"post","link":"https:\/\/blogs.correiobraziliense.com.br\/vicente\/novo-ministro-da-saude-defende-ciencia-e-uso-de-mascara-contra-covid\/","title":{"rendered":"Novo ministro da sa\u00fade defende ci\u00eancia e uso de m\u00e1scara contra covid"},"content":{"rendered":"<h2>O novo ministro da Sa\u00fade, Marcelo Queiroga, disse que &#8220;a ci\u00eancia brasileira tem sido muito \u00fatil&#8221; para o enfrentamento de doen\u00e7as como a covid-19 e pediu aos brasileiros que usem m\u00e1scaras e lavem as m\u00e3os. Ele reconhece que s\u00e3o medidas simples, mas importantes para evitar o fechamento da economia enquanto n\u00e3o se tem vacina\u00e7\u00e3o em massa.<\/h2>\n<p>&nbsp;<\/p>\n<p>Segundo Queiroga, o Brasil enfrenta uma nova onda da pandemia do novo coronav\u00edrus, com muitas mortes. Por isso, \u00e9 importante melhorar a qualidade de assist\u00eancia nos hospitais, sobretudo nas UTIs, no enfrentamento de s\u00edndrome respirat\u00f3rias agudas. Ele destacou que a agenda para enfrentar &#8220;essa doen\u00e7a miser\u00e1vel&#8221; est\u00e1 dada, mas \u00e9 poss\u00edvel ampli\u00e1-la com por meio de uma uni\u00e3o nacional, sempre levando as melhores evid\u00eancias cient\u00edficas.<\/p>\n<p>&nbsp;<\/p>\n<p>O novo ministro n\u00e3o falou sobre lockdown, mas indicou que, se as medidas necess\u00e1rias n\u00e3o contiverem a dissemina\u00e7\u00e3o da covid-19, ser\u00e1 necess\u00e1rio adotar a\u00e7\u00f5es mais duras, que podem ter impacto na economia. Ele disse que objetivo \u00e9 evitar que se prejudique a economia, que deve continuar funcionando, criando empregos.<\/p>\n<p>&nbsp;<\/p>\n<p>Queiroga, em seu primeiro pronunciamento p\u00fablico, tentou mostrar uma certa diferen\u00e7a de pensamento em rela\u00e7\u00e3o ao general Eduardo Pazuello, demitido por Jair Bolsonaro. Como m\u00e9dico, defendeu medidas que o Pal\u00e1cio do Planalto insiste em desmoralizar, como o uso de m\u00e1scaras.<\/p>\n<p>&nbsp;<\/p>\n<p>Segundo o novo ministro, j\u00e1 est\u00e3o garantidas quase 500 milh\u00f5es de doses de vacinas para a imuniza\u00e7\u00e3o em massa da popula\u00e7\u00e3o. Ele disse lamentar que tantas fam\u00edlias tenham perdidos entes queridos para a covid. &#8220;O momento \u00e9 de uni\u00e3o&#8221;, frisou, ressaltando que buscar\u00e1 uma alian\u00e7a com todos os secret\u00e1rios municipais de sa\u00fade e com todos os secret\u00e1rios estaduais da \u00e1rea.<\/p>\n<p>&nbsp;<\/p>\n<p>Para Queiroga, \u00e9 preciso ressaltar o importante papel do Sistema \u00danico de Sa\u00fade (SUS), que tem sido fundamental no enfrentamento da pandemia do novo coronav\u00edrus. &#8220;O SUS \u00e9 um grande ativo do pa\u00eds, que dever\u00e1 ser fortalecido&#8221;, afirmou.<\/p>\n","protected":false},"excerpt":{"rendered":"<p>O novo ministro da Sa\u00fade, Marcelo Queiroga, disse que &#8220;a ci\u00eancia brasileira tem sido muito \u00fatil&#8221; para o enfrentamento de doen\u00e7as como a covid-19 e pediu aos brasileiros que usem m\u00e1scaras e lavem as m\u00e3os. Ele reconhece que s\u00e3o medidas simples, mas importantes para evitar o fechamento da economia enquanto n\u00e3o se tem vacina\u00e7\u00e3o em [&hellip;]<\/p>\n","protected":false},"author":22,"featured_media":17575,"comment_status":"open","ping_status":"closed","sticky":false,"template":"","format":"standard","meta":{"footnotes":""},"categories":[600],"tags":[589,5268,2787,579],"class_list":["post-17612","post","type-post","status-publish","format-standard","has-post-thumbnail","hentry","category-economia","tag-economia","tag-novo-ministro-da-saude-defende-ciencia-e-uso-de-mascara-contra-covid","tag-politica","tag-saude"],"_links":{"self":[{"href":"https:\/\/blogs.correiobraziliense.com.br\/vicente\/wp-json\/wp\/v2\/posts\/17612","targetHints":{"allow":["GET"]}}],"collection":[{"href":"https:\/\/blogs.correiobraziliense.com.br\/vicente\/wp-json\/wp\/v2\/posts"}],"about":[{"href":"https:\/\/blogs.correiobraziliense.com.br\/vicente\/wp-json\/wp\/v2\/types\/post"}],"author":[{"embeddable":true,"href":"https:\/\/blogs.correiobraziliense.com.br\/vicente\/wp-json\/wp\/v2\/users\/22"}],"replies":[{"embeddable":true,"href":"https:\/\/blogs.correiobraziliense.com.br\/vicente\/wp-json\/wp\/v2\/comments?post=17612"}],"version-history":[{"count":4,"href":"https:\/\/blogs.correiobraziliense.com.br\/vicente\/wp-json\/wp\/v2\/posts\/17612\/revisions"}],"predecessor-version":[{"id":17634,"href":"https:\/\/blogs.correiobraziliense.com.br\/vicente\/wp-json\/wp\/v2\/posts\/17612\/revisions\/17634"}],"wp:featuredmedia":[{"embeddable":true,"href":"https:\/\/blogs.correiobraziliense.com.br\/vicente\/wp-json\/wp\/v2\/media\/17575"}],"wp:attachment":[{"href":"https:\/\/blogs.correiobraziliense.com.br\/vicente\/wp-json\/wp\/v2\/media?parent=17612"}],"wp:term":[{"taxonomy":"category","embeddable":true,"href":"https:\/\/blogs.correiobraziliense.com.br\/vicente\/wp-json\/wp\/v2\/categories?post=17612"},{"taxonomy":"post_tag","embeddable":true,"href":"https:\/\/blogs.correiobraziliense.com.br\/vicente\/wp-json\/wp\/v2\/tags?post=17612"}],"curies":[{"name":"wp","href":"https:\/\/api.w.org\/{rel}","templated":true}]}}